{"id":611,"date":"2025-11-16T21:11:04","date_gmt":"2025-11-16T21:11:04","guid":{"rendered":"https:\/\/bergantin.do\/?p=611"},"modified":"2026-01-28T17:41:41","modified_gmt":"2026-01-28T17:41:41","slug":"punta-bergantin-recibe-a-estudiantes-de-turismo-y-gastronomia-de-la-pucmm","status":"publish","type":"post","link":"https:\/\/bergantin.do\/en\/punta-bergantin-recibe-a-estudiantes-de-turismo-y-gastronomia-de-la-pucmm\/","title":{"rendered":"Punta Bergant\u00edn welcomes Tourism and Gastronomy students from PUCMM"},"content":{"rendered":"<p style=\"text-align: left;\"><strong>Villa Montellano, Puerto Plata.<\/strong> The Punta Bergant\u00edn project welcomed a group of students from the Tourism and Gastronomy programs at the Pontifical Catholic University Madre y Maestra (PUCMM) on Saturday, November 15th, with the aim of providing them with a detailed overview of the objectives, progress, and projections of this initiative that will transform the tourism and economic development of the northern region.<\/p>\n<p>The educational session was led by Fabi\u00e1n Dom\u00ednguez, Community Manager of Punta Bergant\u00edn, along with Manuel Alejandro Redondo, who presented the students with key information about the mission, the strategic value of the project and its direct impact on the municipality of Villa Montellano.<\/p>\n<p>During the meeting, Dom\u00ednguez emphasized that Punta Bergant\u00edn is envisioned as a world-class tourist destination, with a plan that integrates hotels, residences, a film studio, an academic campus, and various recreational facilities. He stressed that the project is committed to innovative and sustainable growth, aimed at strengthening the local economy and enhancing the competitiveness of Puerto Plata.<\/p>\n<p>He also emphasized that Punta Bergant\u00edn promotes a management style based on sustainability, social responsibility and community transparency, pillars from which communication strategies and awareness programs will be developed to keep the population of Villa Montellano informed about each stage and change of the project.<\/p>\n<p>For his part, Manuel Alejandro Redondo detailed the environmental actions that Punta Bergant\u00edn has undertaken since its inception, aimed at preserving the natural environment, protecting the ecosystem, and conserving the fauna and flora of the territory.<\/p>\n<div>\n<p>&nbsp;<\/p>\n<\/div>","protected":false},"excerpt":{"rendered":"<p>Villa Montellano, Puerto Plata. \u2014 El proyecto Punta Bergant\u00edn recibi\u00f3 este s\u00e1bado 15 de noviembre a un grupo de estudiantes de las carreras de Turismo y Gastronom\u00eda de la Pontificia Universidad Cat\u00f3lica Madre y Maestra (PUCMM), con el prop\u00f3sito de ofrecerles una visi\u00f3n detallada sobre los objetivos, avances y proyecciones de esta iniciativa que transformar\u00e1 [&hellip;]<\/p>\n","protected":false},"author":3,"featured_media":612,"comment_status":"closed","ping_status":"closed","sticky":false,"template":"","format":"standard","meta":{"inline_featured_image":false,"footnotes":""},"categories":[3],"tags":[],"class_list":["post-611","post","type-post","status-publish","format-standard","has-post-thumbnail","hentry","category-noticia"],"yoast_head":"<!-- This site is optimized with the Yoast SEO plugin v27.5 - https:\/\/yoast.com\/product\/yoast-seo-wordpress\/ -->\n<title>Punta Bergant\u00edn recibe a estudiantes de Turismo y Gastronom\u00eda de la PUCMM - Punta Bergant\u00edn<\/title>\n<meta name=\"robots\" content=\"index, follow, max-snippet:-1, max-image-preview:large, max-video-preview:-1\" \/>\n<link rel=\"canonical\" href=\"https:\/\/bergantin.do\/en\/punta-bergantin-recibe-a-estudiantes-de-turismo-y-gastronomia-de-la-pucmm\/\" \/>\n<meta property=\"og:locale\" content=\"en_US\" \/>\n<meta property=\"og:type\" content=\"article\" \/>\n<meta property=\"og:title\" content=\"Punta Bergant\u00edn recibe a estudiantes de Turismo y Gastronom\u00eda de la PUCMM - Punta Bergant\u00edn\" \/>\n<meta property=\"og:description\" content=\"Villa Montellano, Puerto Plata. \u2014 El proyecto Punta Bergant\u00edn recibi\u00f3 este s\u00e1bado 15 de noviembre a un grupo de estudiantes de las carreras de Turismo y Gastronom\u00eda de la Pontificia Universidad Cat\u00f3lica Madre y Maestra (PUCMM), con el prop\u00f3sito de ofrecerles una visi\u00f3n detallada sobre los objetivos, avances y proyecciones de esta iniciativa que transformar\u00e1 [&hellip;]\" \/>\n<meta property=\"og:url\" content=\"https:\/\/bergantin.do\/en\/punta-bergantin-recibe-a-estudiantes-de-turismo-y-gastronomia-de-la-pucmm\/\" \/>\n<meta property=\"og:site_name\" content=\"Punta Bergant\u00edn\" \/>\n<meta property=\"article:published_time\" content=\"2025-11-16T21:11:04+00:00\" \/>\n<meta property=\"article:modified_time\" content=\"2026-01-28T17:41:41+00:00\" \/>\n<meta property=\"og:image\" content=\"https:\/\/bergantin.do\/wp-content\/uploads\/2025\/11\/DSC01548-scaled.jpg\" \/>\n\t<meta property=\"og:image:width\" content=\"2560\" \/>\n\t<meta property=\"og:image:height\" content=\"1707\" \/>\n\t<meta property=\"og:image:type\" content=\"image\/jpeg\" \/>\n<meta name=\"author\" content=\"Angel Aquino\" \/>\n<meta name=\"twitter:card\" content=\"summary_large_image\" \/>\n<meta name=\"twitter:label1\" content=\"Written by\" \/>\n\t<meta name=\"twitter:data1\" content=\"Angel Aquino\" \/>\n\t<meta name=\"twitter:label2\" content=\"Est. reading time\" \/>\n\t<meta name=\"twitter:data2\" content=\"2 minutes\" \/>\n<script type=\"application\/ld+json\" class=\"yoast-schema-graph\">{\"@context\":\"https:\\\/\\\/schema.org\",\"@graph\":[{\"@type\":\"Article\",\"@id\":\"https:\\\/\\\/bergantin.do\\\/punta-bergantin-recibe-a-estudiantes-de-turismo-y-gastronomia-de-la-pucmm\\\/#article\",\"isPartOf\":{\"@id\":\"https:\\\/\\\/bergantin.do\\\/punta-bergantin-recibe-a-estudiantes-de-turismo-y-gastronomia-de-la-pucmm\\\/\"},\"author\":{\"name\":\"Angel Aquino\",\"@id\":\"https:\\\/\\\/bergantin.do\\\/#\\\/schema\\\/person\\\/6420f09485f4167d45c1ab5979a677a9\"},\"headline\":\"Punta Bergant\u00edn recibe a estudiantes de Turismo y Gastronom\u00eda de la PUCMM\",\"datePublished\":\"2025-11-16T21:11:04+00:00\",\"dateModified\":\"2026-01-28T17:41:41+00:00\",\"mainEntityOfPage\":{\"@id\":\"https:\\\/\\\/bergantin.do\\\/punta-bergantin-recibe-a-estudiantes-de-turismo-y-gastronomia-de-la-pucmm\\\/\"},\"wordCount\":296,\"image\":{\"@id\":\"https:\\\/\\\/bergantin.do\\\/punta-bergantin-recibe-a-estudiantes-de-turismo-y-gastronomia-de-la-pucmm\\\/#primaryimage\"},\"thumbnailUrl\":\"https:\\\/\\\/bergantin.do\\\/wp-content\\\/uploads\\\/2025\\\/11\\\/DSC01548-scaled.jpg\",\"articleSection\":[\"Noticia\"],\"inLanguage\":\"en-US\"},{\"@type\":\"WebPage\",\"@id\":\"https:\\\/\\\/bergantin.do\\\/punta-bergantin-recibe-a-estudiantes-de-turismo-y-gastronomia-de-la-pucmm\\\/\",\"url\":\"https:\\\/\\\/bergantin.do\\\/punta-bergantin-recibe-a-estudiantes-de-turismo-y-gastronomia-de-la-pucmm\\\/\",\"name\":\"Punta Bergant\u00edn recibe a estudiantes de Turismo y Gastronom\u00eda de la PUCMM - Punta Bergant\u00edn\",\"isPartOf\":{\"@id\":\"https:\\\/\\\/bergantin.do\\\/#website\"},\"primaryImageOfPage\":{\"@id\":\"https:\\\/\\\/bergantin.do\\\/punta-bergantin-recibe-a-estudiantes-de-turismo-y-gastronomia-de-la-pucmm\\\/#primaryimage\"},\"image\":{\"@id\":\"https:\\\/\\\/bergantin.do\\\/punta-bergantin-recibe-a-estudiantes-de-turismo-y-gastronomia-de-la-pucmm\\\/#primaryimage\"},\"thumbnailUrl\":\"https:\\\/\\\/bergantin.do\\\/wp-content\\\/uploads\\\/2025\\\/11\\\/DSC01548-scaled.jpg\",\"datePublished\":\"2025-11-16T21:11:04+00:00\",\"dateModified\":\"2026-01-28T17:41:41+00:00\",\"author\":{\"@id\":\"https:\\\/\\\/bergantin.do\\\/#\\\/schema\\\/person\\\/6420f09485f4167d45c1ab5979a677a9\"},\"breadcrumb\":{\"@id\":\"https:\\\/\\\/bergantin.do\\\/punta-bergantin-recibe-a-estudiantes-de-turismo-y-gastronomia-de-la-pucmm\\\/#breadcrumb\"},\"inLanguage\":\"en-US\",\"potentialAction\":[{\"@type\":\"ReadAction\",\"target\":[\"https:\\\/\\\/bergantin.do\\\/punta-bergantin-recibe-a-estudiantes-de-turismo-y-gastronomia-de-la-pucmm\\\/\"]}]},{\"@type\":\"ImageObject\",\"inLanguage\":\"en-US\",\"@id\":\"https:\\\/\\\/bergantin.do\\\/punta-bergantin-recibe-a-estudiantes-de-turismo-y-gastronomia-de-la-pucmm\\\/#primaryimage\",\"url\":\"https:\\\/\\\/bergantin.do\\\/wp-content\\\/uploads\\\/2025\\\/11\\\/DSC01548-scaled.jpg\",\"contentUrl\":\"https:\\\/\\\/bergantin.do\\\/wp-content\\\/uploads\\\/2025\\\/11\\\/DSC01548-scaled.jpg\",\"width\":2560,\"height\":1707},{\"@type\":\"BreadcrumbList\",\"@id\":\"https:\\\/\\\/bergantin.do\\\/punta-bergantin-recibe-a-estudiantes-de-turismo-y-gastronomia-de-la-pucmm\\\/#breadcrumb\",\"itemListElement\":[{\"@type\":\"ListItem\",\"position\":1,\"name\":\"Inicio\",\"item\":\"https:\\\/\\\/bergantin.do\\\/\"},{\"@type\":\"ListItem\",\"position\":2,\"name\":\"Punta Bergant\u00edn recibe a estudiantes de Turismo y Gastronom\u00eda de la PUCMM\"}]},{\"@type\":\"WebSite\",\"@id\":\"https:\\\/\\\/bergantin.do\\\/#website\",\"url\":\"https:\\\/\\\/bergantin.do\\\/\",\"name\":\"Punta Bergant\u00edn\",\"description\":\"Un destino tur\u00edstico de clase mundial en Puerto Plata, Rep\u00fablica Dominicana, que fusiona innovaci\u00f3n tecnolog\u00edca, cultura y sostenibilidad ambiental.\",\"potentialAction\":[{\"@type\":\"SearchAction\",\"target\":{\"@type\":\"EntryPoint\",\"urlTemplate\":\"https:\\\/\\\/bergantin.do\\\/?s={search_term_string}\"},\"query-input\":{\"@type\":\"PropertyValueSpecification\",\"valueRequired\":true,\"valueName\":\"search_term_string\"}}],\"inLanguage\":\"en-US\"},{\"@type\":\"Person\",\"@id\":\"https:\\\/\\\/bergantin.do\\\/#\\\/schema\\\/person\\\/6420f09485f4167d45c1ab5979a677a9\",\"name\":\"Angel Aquino\",\"image\":{\"@type\":\"ImageObject\",\"inLanguage\":\"en-US\",\"@id\":\"https:\\\/\\\/secure.gravatar.com\\\/avatar\\\/7d8c973f76cc44b5f654353894e7b98f8fa603262935e9e721ec5c16bc90e92d?s=96&d=mm&r=g\",\"url\":\"https:\\\/\\\/secure.gravatar.com\\\/avatar\\\/7d8c973f76cc44b5f654353894e7b98f8fa603262935e9e721ec5c16bc90e92d?s=96&d=mm&r=g\",\"contentUrl\":\"https:\\\/\\\/secure.gravatar.com\\\/avatar\\\/7d8c973f76cc44b5f654353894e7b98f8fa603262935e9e721ec5c16bc90e92d?s=96&d=mm&r=g\",\"caption\":\"Angel Aquino\"},\"url\":\"https:\\\/\\\/bergantin.do\\\/en\\\/author\\\/ajencydigital\\\/\"}]}<\/script>\n<!-- \/ Yoast SEO plugin. -->","yoast_head_json":{"title":"Punta Bergant\u00edn recibe a estudiantes de Turismo y Gastronom\u00eda de la PUCMM - Punta Bergant\u00edn","robots":{"index":"index","follow":"follow","max-snippet":"max-snippet:-1","max-image-preview":"max-image-preview:large","max-video-preview":"max-video-preview:-1"},"canonical":"https:\/\/bergantin.do\/en\/punta-bergantin-recibe-a-estudiantes-de-turismo-y-gastronomia-de-la-pucmm\/","og_locale":"en_US","og_type":"article","og_title":"Punta Bergant\u00edn recibe a estudiantes de Turismo y Gastronom\u00eda de la PUCMM - Punta Bergant\u00edn","og_description":"Villa Montellano, Puerto Plata. \u2014 El proyecto Punta Bergant\u00edn recibi\u00f3 este s\u00e1bado 15 de noviembre a un grupo de estudiantes de las carreras de Turismo y Gastronom\u00eda de la Pontificia Universidad Cat\u00f3lica Madre y Maestra (PUCMM), con el prop\u00f3sito de ofrecerles una visi\u00f3n detallada sobre los objetivos, avances y proyecciones de esta iniciativa que transformar\u00e1 [&hellip;]","og_url":"https:\/\/bergantin.do\/en\/punta-bergantin-recibe-a-estudiantes-de-turismo-y-gastronomia-de-la-pucmm\/","og_site_name":"Punta Bergant\u00edn","article_published_time":"2025-11-16T21:11:04+00:00","article_modified_time":"2026-01-28T17:41:41+00:00","og_image":[{"width":2560,"height":1707,"url":"https:\/\/bergantin.do\/wp-content\/uploads\/2025\/11\/DSC01548-scaled.jpg","type":"image\/jpeg"}],"author":"Angel Aquino","twitter_card":"summary_large_image","twitter_misc":{"Written by":"Angel Aquino","Est. reading time":"2 minutes"},"schema":{"@context":"https:\/\/schema.org","@graph":[{"@type":"Article","@id":"https:\/\/bergantin.do\/punta-bergantin-recibe-a-estudiantes-de-turismo-y-gastronomia-de-la-pucmm\/#article","isPartOf":{"@id":"https:\/\/bergantin.do\/punta-bergantin-recibe-a-estudiantes-de-turismo-y-gastronomia-de-la-pucmm\/"},"author":{"name":"Angel Aquino","@id":"https:\/\/bergantin.do\/#\/schema\/person\/6420f09485f4167d45c1ab5979a677a9"},"headline":"Punta Bergant\u00edn recibe a estudiantes de Turismo y Gastronom\u00eda de la PUCMM","datePublished":"2025-11-16T21:11:04+00:00","dateModified":"2026-01-28T17:41:41+00:00","mainEntityOfPage":{"@id":"https:\/\/bergantin.do\/punta-bergantin-recibe-a-estudiantes-de-turismo-y-gastronomia-de-la-pucmm\/"},"wordCount":296,"image":{"@id":"https:\/\/bergantin.do\/punta-bergantin-recibe-a-estudiantes-de-turismo-y-gastronomia-de-la-pucmm\/#primaryimage"},"thumbnailUrl":"https:\/\/bergantin.do\/wp-content\/uploads\/2025\/11\/DSC01548-scaled.jpg","articleSection":["Noticia"],"inLanguage":"en-US"},{"@type":"WebPage","@id":"https:\/\/bergantin.do\/punta-bergantin-recibe-a-estudiantes-de-turismo-y-gastronomia-de-la-pucmm\/","url":"https:\/\/bergantin.do\/punta-bergantin-recibe-a-estudiantes-de-turismo-y-gastronomia-de-la-pucmm\/","name":"Punta Bergant\u00edn recibe a estudiantes de Turismo y Gastronom\u00eda de la PUCMM - Punta Bergant\u00edn","isPartOf":{"@id":"https:\/\/bergantin.do\/#website"},"primaryImageOfPage":{"@id":"https:\/\/bergantin.do\/punta-bergantin-recibe-a-estudiantes-de-turismo-y-gastronomia-de-la-pucmm\/#primaryimage"},"image":{"@id":"https:\/\/bergantin.do\/punta-bergantin-recibe-a-estudiantes-de-turismo-y-gastronomia-de-la-pucmm\/#primaryimage"},"thumbnailUrl":"https:\/\/bergantin.do\/wp-content\/uploads\/2025\/11\/DSC01548-scaled.jpg","datePublished":"2025-11-16T21:11:04+00:00","dateModified":"2026-01-28T17:41:41+00:00","author":{"@id":"https:\/\/bergantin.do\/#\/schema\/person\/6420f09485f4167d45c1ab5979a677a9"},"breadcrumb":{"@id":"https:\/\/bergantin.do\/punta-bergantin-recibe-a-estudiantes-de-turismo-y-gastronomia-de-la-pucmm\/#breadcrumb"},"inLanguage":"en-US","potentialAction":[{"@type":"ReadAction","target":["https:\/\/bergantin.do\/punta-bergantin-recibe-a-estudiantes-de-turismo-y-gastronomia-de-la-pucmm\/"]}]},{"@type":"ImageObject","inLanguage":"en-US","@id":"https:\/\/bergantin.do\/punta-bergantin-recibe-a-estudiantes-de-turismo-y-gastronomia-de-la-pucmm\/#primaryimage","url":"https:\/\/bergantin.do\/wp-content\/uploads\/2025\/11\/DSC01548-scaled.jpg","contentUrl":"https:\/\/bergantin.do\/wp-content\/uploads\/2025\/11\/DSC01548-scaled.jpg","width":2560,"height":1707},{"@type":"BreadcrumbList","@id":"https:\/\/bergantin.do\/punta-bergantin-recibe-a-estudiantes-de-turismo-y-gastronomia-de-la-pucmm\/#breadcrumb","itemListElement":[{"@type":"ListItem","position":1,"name":"Inicio","item":"https:\/\/bergantin.do\/"},{"@type":"ListItem","position":2,"name":"Punta Bergant\u00edn recibe a estudiantes de Turismo y Gastronom\u00eda de la PUCMM"}]},{"@type":"WebSite","@id":"https:\/\/bergantin.do\/#website","url":"https:\/\/bergantin.do\/","name":"Punta Bergant\u00edn","description":"A world-class tourist destination in Puerto Plata, Dominican Republic, that fuses technological innovation, culture and environmental sustainability.","potentialAction":[{"@type":"SearchAction","target":{"@type":"EntryPoint","urlTemplate":"https:\/\/bergantin.do\/?s={search_term_string}"},"query-input":{"@type":"PropertyValueSpecification","valueRequired":true,"valueName":"search_term_string"}}],"inLanguage":"en-US"},{"@type":"Person","@id":"https:\/\/bergantin.do\/#\/schema\/person\/6420f09485f4167d45c1ab5979a677a9","name":"Angel Aquino","image":{"@type":"ImageObject","inLanguage":"en-US","@id":"https:\/\/secure.gravatar.com\/avatar\/7d8c973f76cc44b5f654353894e7b98f8fa603262935e9e721ec5c16bc90e92d?s=96&d=mm&r=g","url":"https:\/\/secure.gravatar.com\/avatar\/7d8c973f76cc44b5f654353894e7b98f8fa603262935e9e721ec5c16bc90e92d?s=96&d=mm&r=g","contentUrl":"https:\/\/secure.gravatar.com\/avatar\/7d8c973f76cc44b5f654353894e7b98f8fa603262935e9e721ec5c16bc90e92d?s=96&d=mm&r=g","caption":"Angel Aquino"},"url":"https:\/\/bergantin.do\/en\/author\/ajencydigital\/"}]}},"_links":{"self":[{"href":"https:\/\/bergantin.do\/en\/wp-json\/wp\/v2\/posts\/611","targetHints":{"allow":["GET"]}}],"collection":[{"href":"https:\/\/bergantin.do\/en\/wp-json\/wp\/v2\/posts"}],"about":[{"href":"https:\/\/bergantin.do\/en\/wp-json\/wp\/v2\/types\/post"}],"author":[{"embeddable":true,"href":"https:\/\/bergantin.do\/en\/wp-json\/wp\/v2\/users\/3"}],"replies":[{"embeddable":true,"href":"https:\/\/bergantin.do\/en\/wp-json\/wp\/v2\/comments?post=611"}],"version-history":[{"count":1,"href":"https:\/\/bergantin.do\/en\/wp-json\/wp\/v2\/posts\/611\/revisions"}],"predecessor-version":[{"id":613,"href":"https:\/\/bergantin.do\/en\/wp-json\/wp\/v2\/posts\/611\/revisions\/613"}],"wp:featuredmedia":[{"embeddable":true,"href":"https:\/\/bergantin.do\/en\/wp-json\/wp\/v2\/media\/612"}],"wp:attachment":[{"href":"https:\/\/bergantin.do\/en\/wp-json\/wp\/v2\/media?parent=611"}],"wp:term":[{"taxonomy":"category","embeddable":true,"href":"https:\/\/bergantin.do\/en\/wp-json\/wp\/v2\/categories?post=611"},{"taxonomy":"post_tag","embeddable":true,"href":"https:\/\/bergantin.do\/en\/wp-json\/wp\/v2\/tags?post=611"}],"curies":[{"name":"wp","href":"https:\/\/api.w.org\/{rel}","templated":true}]}}