{"id":607,"date":"2025-11-04T14:38:24","date_gmt":"2025-11-04T14:38:24","guid":{"rendered":"https:\/\/bergantin.do\/?p=607"},"modified":"2026-01-28T17:41:41","modified_gmt":"2026-01-28T17:41:41","slug":"punta-bergantin-anuncia-cierre-de-caminos-internos-por-avance-en-obras-de-construccion","status":"publish","type":"post","link":"https:\/\/bergantin.do\/en\/punta-bergantin-anuncia-cierre-de-caminos-internos-por-avance-en-obras-de-construccion\/","title":{"rendered":"Punta Bergant\u00edn announces closure of internal roads due to progress in construction work"},"content":{"rendered":"<p class=\"p1\"><strong>Puerto Plata. \u2013<\/strong> The Punta Bergant\u00edn project reported that due to the increased pace of construction work and the constant transit of heavy machinery in the area, the internal roads within the property will be closed.<\/p>\n<p class=\"p1\">The measure, as explained by the Press and Communications Department, seeks to preserve the safety of pedestrians and visitors since the movement of heavy equipment and construction materials represents a potential risk for those who usually travel along these roads.<\/p>\n<p class=\"p1\">With the aim of maintaining connectivity to Playa Bergant\u00edn, the project has rehabilitated the old access road, from its<span class=\"Apple-converted-space\">\u00a0 <\/span>The road starts in front of the Montellano fuel pump and extends to the beach at KM 7, allowing the normal flow of people and vehicles to the area, minimizing any potential inconveniences during the construction process.<\/p>\n<p class=\"p1\">Punta Bergant\u00edn Press and Communications Department.<\/p>","protected":false},"excerpt":{"rendered":"<p>Puerto Plata. \u2013 El proyecto Punta Bergant\u00edn inform\u00f3 que debido al aumento del ritmo de los trabajos de construcci\u00f3n y al constante tr\u00e1nsito de maquinaria pesadas en la zona, se proceder\u00e1 al cierre de los caminos internos dentro de la propiedad. La medida, seg\u00fan explic\u00f3 el Departamento de Prensa y Comunicaciones, busca preservar la seguridad [&hellip;]<\/p>\n","protected":false},"author":3,"featured_media":608,"comment_status":"closed","ping_status":"closed","sticky":false,"template":"","format":"standard","meta":{"inline_featured_image":false,"footnotes":""},"categories":[3],"tags":[],"class_list":["post-607","post","type-post","status-publish","format-standard","has-post-thumbnail","hentry","category-noticia"],"yoast_head":"<!-- This site is optimized with the Yoast SEO plugin v27.5 - https:\/\/yoast.com\/product\/yoast-seo-wordpress\/ -->\n<title>Punta Bergant\u00edn anuncia cierre de caminos internos por avance en obras de construcci\u00f3n - Punta Bergant\u00edn<\/title>\n<meta name=\"robots\" content=\"index, follow, max-snippet:-1, max-image-preview:large, max-video-preview:-1\" \/>\n<link rel=\"canonical\" href=\"https:\/\/bergantin.do\/en\/punta-bergantin-anuncia-cierre-de-caminos-internos-por-avance-en-obras-de-construccion\/\" \/>\n<meta property=\"og:locale\" content=\"en_US\" \/>\n<meta property=\"og:type\" content=\"article\" \/>\n<meta property=\"og:title\" content=\"Punta Bergant\u00edn anuncia cierre de caminos internos por avance en obras de construcci\u00f3n - Punta Bergant\u00edn\" \/>\n<meta property=\"og:description\" content=\"Puerto Plata. \u2013 El proyecto Punta Bergant\u00edn inform\u00f3 que debido al aumento del ritmo de los trabajos de construcci\u00f3n y al constante tr\u00e1nsito de maquinaria pesadas en la zona, se proceder\u00e1 al cierre de los caminos internos dentro de la propiedad. La medida, seg\u00fan explic\u00f3 el Departamento de Prensa y Comunicaciones, busca preservar la seguridad [&hellip;]\" \/>\n<meta property=\"og:url\" content=\"https:\/\/bergantin.do\/en\/punta-bergantin-anuncia-cierre-de-caminos-internos-por-avance-en-obras-de-construccion\/\" \/>\n<meta property=\"og:site_name\" content=\"Punta Bergant\u00edn\" \/>\n<meta property=\"article:published_time\" content=\"2025-11-04T14:38:24+00:00\" \/>\n<meta property=\"article:modified_time\" content=\"2026-01-28T17:41:41+00:00\" \/>\n<meta property=\"og:image\" content=\"https:\/\/bergantin.do\/wp-content\/uploads\/2025\/11\/vlcsnap-2025-11-03-19h06m29s492-1024x576.png\" \/>\n\t<meta property=\"og:image:width\" content=\"1024\" \/>\n\t<meta property=\"og:image:height\" content=\"576\" \/>\n\t<meta property=\"og:image:type\" content=\"image\/png\" \/>\n<meta name=\"author\" content=\"Angel Aquino\" \/>\n<meta name=\"twitter:card\" content=\"summary_large_image\" \/>\n<meta name=\"twitter:label1\" content=\"Written by\" \/>\n\t<meta name=\"twitter:data1\" content=\"Angel Aquino\" \/>\n\t<meta name=\"twitter:label2\" content=\"Est. reading time\" \/>\n\t<meta name=\"twitter:data2\" content=\"1 minute\" \/>\n<script type=\"application\/ld+json\" class=\"yoast-schema-graph\">{\"@context\":\"https:\\\/\\\/schema.org\",\"@graph\":[{\"@type\":\"Article\",\"@id\":\"https:\\\/\\\/bergantin.do\\\/punta-bergantin-anuncia-cierre-de-caminos-internos-por-avance-en-obras-de-construccion\\\/#article\",\"isPartOf\":{\"@id\":\"https:\\\/\\\/bergantin.do\\\/punta-bergantin-anuncia-cierre-de-caminos-internos-por-avance-en-obras-de-construccion\\\/\"},\"author\":{\"name\":\"Angel Aquino\",\"@id\":\"https:\\\/\\\/bergantin.do\\\/#\\\/schema\\\/person\\\/6420f09485f4167d45c1ab5979a677a9\"},\"headline\":\"Punta Bergant\u00edn anuncia cierre de caminos internos por avance en obras de construcci\u00f3n\",\"datePublished\":\"2025-11-04T14:38:24+00:00\",\"dateModified\":\"2026-01-28T17:41:41+00:00\",\"mainEntityOfPage\":{\"@id\":\"https:\\\/\\\/bergantin.do\\\/punta-bergantin-anuncia-cierre-de-caminos-internos-por-avance-en-obras-de-construccion\\\/\"},\"wordCount\":175,\"image\":{\"@id\":\"https:\\\/\\\/bergantin.do\\\/punta-bergantin-anuncia-cierre-de-caminos-internos-por-avance-en-obras-de-construccion\\\/#primaryimage\"},\"thumbnailUrl\":\"https:\\\/\\\/bergantin.do\\\/wp-content\\\/uploads\\\/2025\\\/11\\\/vlcsnap-2025-11-03-19h06m29s492.png\",\"articleSection\":[\"Noticia\"],\"inLanguage\":\"en-US\"},{\"@type\":\"WebPage\",\"@id\":\"https:\\\/\\\/bergantin.do\\\/punta-bergantin-anuncia-cierre-de-caminos-internos-por-avance-en-obras-de-construccion\\\/\",\"url\":\"https:\\\/\\\/bergantin.do\\\/punta-bergantin-anuncia-cierre-de-caminos-internos-por-avance-en-obras-de-construccion\\\/\",\"name\":\"Punta Bergant\u00edn anuncia cierre de caminos internos por avance en obras de construcci\u00f3n - Punta Bergant\u00edn\",\"isPartOf\":{\"@id\":\"https:\\\/\\\/bergantin.do\\\/#website\"},\"primaryImageOfPage\":{\"@id\":\"https:\\\/\\\/bergantin.do\\\/punta-bergantin-anuncia-cierre-de-caminos-internos-por-avance-en-obras-de-construccion\\\/#primaryimage\"},\"image\":{\"@id\":\"https:\\\/\\\/bergantin.do\\\/punta-bergantin-anuncia-cierre-de-caminos-internos-por-avance-en-obras-de-construccion\\\/#primaryimage\"},\"thumbnailUrl\":\"https:\\\/\\\/bergantin.do\\\/wp-content\\\/uploads\\\/2025\\\/11\\\/vlcsnap-2025-11-03-19h06m29s492.png\",\"datePublished\":\"2025-11-04T14:38:24+00:00\",\"dateModified\":\"2026-01-28T17:41:41+00:00\",\"author\":{\"@id\":\"https:\\\/\\\/bergantin.do\\\/#\\\/schema\\\/person\\\/6420f09485f4167d45c1ab5979a677a9\"},\"breadcrumb\":{\"@id\":\"https:\\\/\\\/bergantin.do\\\/punta-bergantin-anuncia-cierre-de-caminos-internos-por-avance-en-obras-de-construccion\\\/#breadcrumb\"},\"inLanguage\":\"en-US\",\"potentialAction\":[{\"@type\":\"ReadAction\",\"target\":[\"https:\\\/\\\/bergantin.do\\\/punta-bergantin-anuncia-cierre-de-caminos-internos-por-avance-en-obras-de-construccion\\\/\"]}]},{\"@type\":\"ImageObject\",\"inLanguage\":\"en-US\",\"@id\":\"https:\\\/\\\/bergantin.do\\\/punta-bergantin-anuncia-cierre-de-caminos-internos-por-avance-en-obras-de-construccion\\\/#primaryimage\",\"url\":\"https:\\\/\\\/bergantin.do\\\/wp-content\\\/uploads\\\/2025\\\/11\\\/vlcsnap-2025-11-03-19h06m29s492.png\",\"contentUrl\":\"https:\\\/\\\/bergantin.do\\\/wp-content\\\/uploads\\\/2025\\\/11\\\/vlcsnap-2025-11-03-19h06m29s492.png\",\"width\":1920,\"height\":1080},{\"@type\":\"BreadcrumbList\",\"@id\":\"https:\\\/\\\/bergantin.do\\\/punta-bergantin-anuncia-cierre-de-caminos-internos-por-avance-en-obras-de-construccion\\\/#breadcrumb\",\"itemListElement\":[{\"@type\":\"ListItem\",\"position\":1,\"name\":\"Inicio\",\"item\":\"https:\\\/\\\/bergantin.do\\\/\"},{\"@type\":\"ListItem\",\"position\":2,\"name\":\"Punta Bergant\u00edn anuncia cierre de caminos internos por avance en obras de construcci\u00f3n\"}]},{\"@type\":\"WebSite\",\"@id\":\"https:\\\/\\\/bergantin.do\\\/#website\",\"url\":\"https:\\\/\\\/bergantin.do\\\/\",\"name\":\"Punta Bergant\u00edn\",\"description\":\"Un destino tur\u00edstico de clase mundial en Puerto Plata, Rep\u00fablica Dominicana, que fusiona innovaci\u00f3n tecnolog\u00edca, cultura y sostenibilidad ambiental.\",\"potentialAction\":[{\"@type\":\"SearchAction\",\"target\":{\"@type\":\"EntryPoint\",\"urlTemplate\":\"https:\\\/\\\/bergantin.do\\\/?s={search_term_string}\"},\"query-input\":{\"@type\":\"PropertyValueSpecification\",\"valueRequired\":true,\"valueName\":\"search_term_string\"}}],\"inLanguage\":\"en-US\"},{\"@type\":\"Person\",\"@id\":\"https:\\\/\\\/bergantin.do\\\/#\\\/schema\\\/person\\\/6420f09485f4167d45c1ab5979a677a9\",\"name\":\"Angel Aquino\",\"image\":{\"@type\":\"ImageObject\",\"inLanguage\":\"en-US\",\"@id\":\"https:\\\/\\\/secure.gravatar.com\\\/avatar\\\/7d8c973f76cc44b5f654353894e7b98f8fa603262935e9e721ec5c16bc90e92d?s=96&d=mm&r=g\",\"url\":\"https:\\\/\\\/secure.gravatar.com\\\/avatar\\\/7d8c973f76cc44b5f654353894e7b98f8fa603262935e9e721ec5c16bc90e92d?s=96&d=mm&r=g\",\"contentUrl\":\"https:\\\/\\\/secure.gravatar.com\\\/avatar\\\/7d8c973f76cc44b5f654353894e7b98f8fa603262935e9e721ec5c16bc90e92d?s=96&d=mm&r=g\",\"caption\":\"Angel Aquino\"},\"url\":\"https:\\\/\\\/bergantin.do\\\/en\\\/author\\\/ajencydigital\\\/\"}]}<\/script>\n<!-- \/ Yoast SEO plugin. -->","yoast_head_json":{"title":"Punta Bergant\u00edn anuncia cierre de caminos internos por avance en obras de construcci\u00f3n - Punta Bergant\u00edn","robots":{"index":"index","follow":"follow","max-snippet":"max-snippet:-1","max-image-preview":"max-image-preview:large","max-video-preview":"max-video-preview:-1"},"canonical":"https:\/\/bergantin.do\/en\/punta-bergantin-anuncia-cierre-de-caminos-internos-por-avance-en-obras-de-construccion\/","og_locale":"en_US","og_type":"article","og_title":"Punta Bergant\u00edn anuncia cierre de caminos internos por avance en obras de construcci\u00f3n - Punta Bergant\u00edn","og_description":"Puerto Plata. \u2013 El proyecto Punta Bergant\u00edn inform\u00f3 que debido al aumento del ritmo de los trabajos de construcci\u00f3n y al constante tr\u00e1nsito de maquinaria pesadas en la zona, se proceder\u00e1 al cierre de los caminos internos dentro de la propiedad. La medida, seg\u00fan explic\u00f3 el Departamento de Prensa y Comunicaciones, busca preservar la seguridad [&hellip;]","og_url":"https:\/\/bergantin.do\/en\/punta-bergantin-anuncia-cierre-de-caminos-internos-por-avance-en-obras-de-construccion\/","og_site_name":"Punta Bergant\u00edn","article_published_time":"2025-11-04T14:38:24+00:00","article_modified_time":"2026-01-28T17:41:41+00:00","og_image":[{"width":1024,"height":576,"url":"https:\/\/bergantin.do\/wp-content\/uploads\/2025\/11\/vlcsnap-2025-11-03-19h06m29s492-1024x576.png","type":"image\/png"}],"author":"Angel Aquino","twitter_card":"summary_large_image","twitter_misc":{"Written by":"Angel Aquino","Est. reading time":"1 minute"},"schema":{"@context":"https:\/\/schema.org","@graph":[{"@type":"Article","@id":"https:\/\/bergantin.do\/punta-bergantin-anuncia-cierre-de-caminos-internos-por-avance-en-obras-de-construccion\/#article","isPartOf":{"@id":"https:\/\/bergantin.do\/punta-bergantin-anuncia-cierre-de-caminos-internos-por-avance-en-obras-de-construccion\/"},"author":{"name":"Angel Aquino","@id":"https:\/\/bergantin.do\/#\/schema\/person\/6420f09485f4167d45c1ab5979a677a9"},"headline":"Punta Bergant\u00edn anuncia cierre de caminos internos por avance en obras de construcci\u00f3n","datePublished":"2025-11-04T14:38:24+00:00","dateModified":"2026-01-28T17:41:41+00:00","mainEntityOfPage":{"@id":"https:\/\/bergantin.do\/punta-bergantin-anuncia-cierre-de-caminos-internos-por-avance-en-obras-de-construccion\/"},"wordCount":175,"image":{"@id":"https:\/\/bergantin.do\/punta-bergantin-anuncia-cierre-de-caminos-internos-por-avance-en-obras-de-construccion\/#primaryimage"},"thumbnailUrl":"https:\/\/bergantin.do\/wp-content\/uploads\/2025\/11\/vlcsnap-2025-11-03-19h06m29s492.png","articleSection":["Noticia"],"inLanguage":"en-US"},{"@type":"WebPage","@id":"https:\/\/bergantin.do\/punta-bergantin-anuncia-cierre-de-caminos-internos-por-avance-en-obras-de-construccion\/","url":"https:\/\/bergantin.do\/punta-bergantin-anuncia-cierre-de-caminos-internos-por-avance-en-obras-de-construccion\/","name":"Punta Bergant\u00edn anuncia cierre de caminos internos por avance en obras de construcci\u00f3n - Punta Bergant\u00edn","isPartOf":{"@id":"https:\/\/bergantin.do\/#website"},"primaryImageOfPage":{"@id":"https:\/\/bergantin.do\/punta-bergantin-anuncia-cierre-de-caminos-internos-por-avance-en-obras-de-construccion\/#primaryimage"},"image":{"@id":"https:\/\/bergantin.do\/punta-bergantin-anuncia-cierre-de-caminos-internos-por-avance-en-obras-de-construccion\/#primaryimage"},"thumbnailUrl":"https:\/\/bergantin.do\/wp-content\/uploads\/2025\/11\/vlcsnap-2025-11-03-19h06m29s492.png","datePublished":"2025-11-04T14:38:24+00:00","dateModified":"2026-01-28T17:41:41+00:00","author":{"@id":"https:\/\/bergantin.do\/#\/schema\/person\/6420f09485f4167d45c1ab5979a677a9"},"breadcrumb":{"@id":"https:\/\/bergantin.do\/punta-bergantin-anuncia-cierre-de-caminos-internos-por-avance-en-obras-de-construccion\/#breadcrumb"},"inLanguage":"en-US","potentialAction":[{"@type":"ReadAction","target":["https:\/\/bergantin.do\/punta-bergantin-anuncia-cierre-de-caminos-internos-por-avance-en-obras-de-construccion\/"]}]},{"@type":"ImageObject","inLanguage":"en-US","@id":"https:\/\/bergantin.do\/punta-bergantin-anuncia-cierre-de-caminos-internos-por-avance-en-obras-de-construccion\/#primaryimage","url":"https:\/\/bergantin.do\/wp-content\/uploads\/2025\/11\/vlcsnap-2025-11-03-19h06m29s492.png","contentUrl":"https:\/\/bergantin.do\/wp-content\/uploads\/2025\/11\/vlcsnap-2025-11-03-19h06m29s492.png","width":1920,"height":1080},{"@type":"BreadcrumbList","@id":"https:\/\/bergantin.do\/punta-bergantin-anuncia-cierre-de-caminos-internos-por-avance-en-obras-de-construccion\/#breadcrumb","itemListElement":[{"@type":"ListItem","position":1,"name":"Inicio","item":"https:\/\/bergantin.do\/"},{"@type":"ListItem","position":2,"name":"Punta Bergant\u00edn anuncia cierre de caminos internos por avance en obras de construcci\u00f3n"}]},{"@type":"WebSite","@id":"https:\/\/bergantin.do\/#website","url":"https:\/\/bergantin.do\/","name":"Punta Bergant\u00edn","description":"A world-class tourist destination in Puerto Plata, Dominican Republic, that fuses technological innovation, culture and environmental sustainability.","potentialAction":[{"@type":"SearchAction","target":{"@type":"EntryPoint","urlTemplate":"https:\/\/bergantin.do\/?s={search_term_string}"},"query-input":{"@type":"PropertyValueSpecification","valueRequired":true,"valueName":"search_term_string"}}],"inLanguage":"en-US"},{"@type":"Person","@id":"https:\/\/bergantin.do\/#\/schema\/person\/6420f09485f4167d45c1ab5979a677a9","name":"Angel Aquino","image":{"@type":"ImageObject","inLanguage":"en-US","@id":"https:\/\/secure.gravatar.com\/avatar\/7d8c973f76cc44b5f654353894e7b98f8fa603262935e9e721ec5c16bc90e92d?s=96&d=mm&r=g","url":"https:\/\/secure.gravatar.com\/avatar\/7d8c973f76cc44b5f654353894e7b98f8fa603262935e9e721ec5c16bc90e92d?s=96&d=mm&r=g","contentUrl":"https:\/\/secure.gravatar.com\/avatar\/7d8c973f76cc44b5f654353894e7b98f8fa603262935e9e721ec5c16bc90e92d?s=96&d=mm&r=g","caption":"Angel Aquino"},"url":"https:\/\/bergantin.do\/en\/author\/ajencydigital\/"}]}},"_links":{"self":[{"href":"https:\/\/bergantin.do\/en\/wp-json\/wp\/v2\/posts\/607","targetHints":{"allow":["GET"]}}],"collection":[{"href":"https:\/\/bergantin.do\/en\/wp-json\/wp\/v2\/posts"}],"about":[{"href":"https:\/\/bergantin.do\/en\/wp-json\/wp\/v2\/types\/post"}],"author":[{"embeddable":true,"href":"https:\/\/bergantin.do\/en\/wp-json\/wp\/v2\/users\/3"}],"replies":[{"embeddable":true,"href":"https:\/\/bergantin.do\/en\/wp-json\/wp\/v2\/comments?post=607"}],"version-history":[{"count":1,"href":"https:\/\/bergantin.do\/en\/wp-json\/wp\/v2\/posts\/607\/revisions"}],"predecessor-version":[{"id":609,"href":"https:\/\/bergantin.do\/en\/wp-json\/wp\/v2\/posts\/607\/revisions\/609"}],"wp:featuredmedia":[{"embeddable":true,"href":"https:\/\/bergantin.do\/en\/wp-json\/wp\/v2\/media\/608"}],"wp:attachment":[{"href":"https:\/\/bergantin.do\/en\/wp-json\/wp\/v2\/media?parent=607"}],"wp:term":[{"taxonomy":"category","embeddable":true,"href":"https:\/\/bergantin.do\/en\/wp-json\/wp\/v2\/categories?post=607"},{"taxonomy":"post_tag","embeddable":true,"href":"https:\/\/bergantin.do\/en\/wp-json\/wp\/v2\/tags?post=607"}],"curies":[{"name":"wp","href":"https:\/\/api.w.org\/{rel}","templated":true}]}}