{"id":591,"date":"2025-08-12T12:15:34","date_gmt":"2025-08-12T12:15:34","guid":{"rendered":"https:\/\/bergantin.do\/?p=591"},"modified":"2026-01-28T17:41:41","modified_gmt":"2026-01-28T17:41:41","slug":"infotep-impulsara-formacion-especializada-para-el-desarrollo-turistico-de-punta-bergantin-y-montellano","status":"publish","type":"post","link":"https:\/\/bergantin.do\/en\/infotep-impulsara-formacion-especializada-para-el-desarrollo-turistico-de-punta-bergantin-y-montellano\/","title":{"rendered":"INFOTEP will promote specialized training for the tourism development of Punta Bergant\u00edn and Montellano."},"content":{"rendered":"<p><em><strong>The plan includes a hotel school within Punta Bergant\u00edn and a technology center in Montellano, with mobile workshops and training programs designed to enable the local population to lead the area&#039;s tourism development.<\/strong><\/em><\/p>\n<p><strong>Villa Montellano, Puerto Plata. \u2013<\/strong> The National Institute for Technical and Vocational Training (INFOTEP) announced, together with the Punta Bergant\u00edn Trust, the construction of two training centers, one specializing in hospitality and the other in the municipality of Villa Montellano, as part of its commitment to developing the human capital required for tourism development in the northern region.<\/p>\n<p>The information was released at a meeting attended by Rafael Santos Bad\u00eda, Director General of INFOTEP; Andr\u00e9s Marranzini, Executive Director of the Punta Bergant\u00edn Trust; and H\u00e9ctor Almonte, Mayor of Villa Montellano, accompanied by the Deputy Mayor and the City Council members.<\/p>\n<p>Santos Bad\u00eda explained that the project includes two complementary training facilities: a hotel school in Punta Bergant\u00edn, specializing in trades specific to the tourism industry, and a technology center in the municipality of Montellano, designed to provide training in various production and service areas.<\/p>\n<p>&quot;The central objective of this training effort is to ensure that the jobs generated by the tourism development of Punta Bergant\u00edn benefit, first and foremost, the residents of Montellano and nearby communities,&quot; emphasized the INFOTEP general director.<\/p>\n<p>Andr\u00e9s Marranzini, for his part, announced that a small 12-room hotel-training center will be built within the tourist complex, which will be operated by INFOTEP students with the support of renowned hotel brands.<\/p>\n<p>He explained that this vocational training model in a real-world setting will allow participants to experience real-life hotel operations before entering the workforce, with the support and certification of INFOTEP, which will give them greater credibility and opportunities in the sector.<\/p>\n<p>He also highlighted the importance of creating a joint working committee between the City Council, the Punta Bergant\u00edn project, and INFOTEP to establish clear goals and ensure concrete and measurable results that directly benefit the community.<\/p>\n<p>Mayor H\u00e9ctor Almonte praised the presence of the authorities and the clarity regarding the training projects, emphasizing that the municipality needs its own training center to prepare its population for the economic and social impact that tourism development will bring.<\/p>\n<p>\u201cMontellano has gone from being a sugarcane municipality to a tourism one. To take advantage of this transformation, we must prepare our youth and adults in the areas demanded by the market. Today we begin a working group to capitalize on the opportunities we have been waiting for for years,\u201d said the mayor.<\/p>\n<p><strong>INFOTEP training in Villa Montellano<\/strong><\/p>\n<p>INFOTEP&#039;s general director, Rafael Santos Bad\u00eda, instructed the transfer of five fully equipped mobile training workshops to Montellano to strengthen training in high-demand trades and areas for the development of tourism in the area.<\/p>\n<p>To date, INFOTEP has provided more than 1,500 hours of training in areas such as electricity, English, baking, gastronomy, and soft skills, ensuring that the local population is prepared to take advantage of the job opportunities that tourism development will generate.<\/p>","protected":false},"excerpt":{"rendered":"<p>El plan contempla una escuela hotelera dentro de Punta Bergant\u00edn y un centro tecnol\u00f3gico en Montellano, con talleres m\u00f3viles y programas de formaci\u00f3n dise\u00f1ados para que la poblaci\u00f3n local lidere el desarrollo tur\u00edstico de la zona. Villa Montellano, Puerto Plata. \u2013 El Instituto Nacional de Formaci\u00f3n T\u00e9cnico Profesional (INFOTEP) anunci\u00f3, junto al Fideicomiso Punta Bergant\u00edn, [&hellip;]<\/p>\n","protected":false},"author":3,"featured_media":592,"comment_status":"closed","ping_status":"closed","sticky":false,"template":"","format":"standard","meta":{"inline_featured_image":false,"footnotes":""},"categories":[1],"tags":[],"class_list":["post-591","post","type-post","status-publish","format-standard","has-post-thumbnail","hentry","category-sin-categoria"],"yoast_head":"<!-- This site is optimized with the Yoast SEO plugin v27.5 - https:\/\/yoast.com\/product\/yoast-seo-wordpress\/ -->\n<title>INFOTEP impulsar\u00e1 formaci\u00f3n especializada para el desarrollo tur\u00edstico de Punta Bergant\u00edn y Montellano - Punta Bergant\u00edn<\/title>\n<meta name=\"robots\" content=\"index, follow, max-snippet:-1, max-image-preview:large, max-video-preview:-1\" \/>\n<link rel=\"canonical\" href=\"https:\/\/bergantin.do\/en\/infotep-impulsara-formacion-especializada-para-el-desarrollo-turistico-de-punta-bergantin-y-montellano\/\" \/>\n<meta property=\"og:locale\" content=\"en_US\" \/>\n<meta property=\"og:type\" content=\"article\" \/>\n<meta property=\"og:title\" content=\"INFOTEP impulsar\u00e1 formaci\u00f3n especializada para el desarrollo tur\u00edstico de Punta Bergant\u00edn y Montellano - Punta Bergant\u00edn\" \/>\n<meta property=\"og:description\" content=\"El plan contempla una escuela hotelera dentro de Punta Bergant\u00edn y un centro tecnol\u00f3gico en Montellano, con talleres m\u00f3viles y programas de formaci\u00f3n dise\u00f1ados para que la poblaci\u00f3n local lidere el desarrollo tur\u00edstico de la zona. Villa Montellano, Puerto Plata. \u2013 El Instituto Nacional de Formaci\u00f3n T\u00e9cnico Profesional (INFOTEP) anunci\u00f3, junto al Fideicomiso Punta Bergant\u00edn, [&hellip;]\" \/>\n<meta property=\"og:url\" content=\"https:\/\/bergantin.do\/en\/infotep-impulsara-formacion-especializada-para-el-desarrollo-turistico-de-punta-bergantin-y-montellano\/\" \/>\n<meta property=\"og:site_name\" content=\"Punta Bergant\u00edn\" \/>\n<meta property=\"article:published_time\" content=\"2025-08-12T12:15:34+00:00\" \/>\n<meta property=\"article:modified_time\" content=\"2026-01-28T17:41:41+00:00\" \/>\n<meta property=\"og:image\" content=\"https:\/\/bergantin.do\/wp-content\/uploads\/2025\/08\/WhatsApp-Image-2025-08-09-at-13.58.03.jpeg\" \/>\n\t<meta property=\"og:image:width\" content=\"2560\" \/>\n\t<meta property=\"og:image:height\" content=\"1545\" \/>\n\t<meta property=\"og:image:type\" content=\"image\/jpeg\" \/>\n<meta name=\"author\" content=\"Angel Aquino\" \/>\n<meta name=\"twitter:card\" content=\"summary_large_image\" \/>\n<meta name=\"twitter:label1\" content=\"Written by\" \/>\n\t<meta name=\"twitter:data1\" content=\"Angel Aquino\" \/>\n\t<meta name=\"twitter:label2\" content=\"Est. reading time\" \/>\n\t<meta name=\"twitter:data2\" content=\"3 minutes\" \/>\n<script type=\"application\/ld+json\" class=\"yoast-schema-graph\">{\"@context\":\"https:\\\/\\\/schema.org\",\"@graph\":[{\"@type\":\"Article\",\"@id\":\"https:\\\/\\\/bergantin.do\\\/infotep-impulsara-formacion-especializada-para-el-desarrollo-turistico-de-punta-bergantin-y-montellano\\\/#article\",\"isPartOf\":{\"@id\":\"https:\\\/\\\/bergantin.do\\\/infotep-impulsara-formacion-especializada-para-el-desarrollo-turistico-de-punta-bergantin-y-montellano\\\/\"},\"author\":{\"name\":\"Angel Aquino\",\"@id\":\"https:\\\/\\\/bergantin.do\\\/#\\\/schema\\\/person\\\/6420f09485f4167d45c1ab5979a677a9\"},\"headline\":\"INFOTEP impulsar\u00e1 formaci\u00f3n especializada para el desarrollo tur\u00edstico de Punta Bergant\u00edn y Montellano\",\"datePublished\":\"2025-08-12T12:15:34+00:00\",\"dateModified\":\"2026-01-28T17:41:41+00:00\",\"mainEntityOfPage\":{\"@id\":\"https:\\\/\\\/bergantin.do\\\/infotep-impulsara-formacion-especializada-para-el-desarrollo-turistico-de-punta-bergantin-y-montellano\\\/\"},\"wordCount\":601,\"image\":{\"@id\":\"https:\\\/\\\/bergantin.do\\\/infotep-impulsara-formacion-especializada-para-el-desarrollo-turistico-de-punta-bergantin-y-montellano\\\/#primaryimage\"},\"thumbnailUrl\":\"https:\\\/\\\/bergantin.do\\\/wp-content\\\/uploads\\\/2025\\\/08\\\/WhatsApp-Image-2025-08-09-at-13.58.03.jpeg\",\"articleSection\":[\"Sin categor\u00eda\"],\"inLanguage\":\"en-US\"},{\"@type\":\"WebPage\",\"@id\":\"https:\\\/\\\/bergantin.do\\\/infotep-impulsara-formacion-especializada-para-el-desarrollo-turistico-de-punta-bergantin-y-montellano\\\/\",\"url\":\"https:\\\/\\\/bergantin.do\\\/infotep-impulsara-formacion-especializada-para-el-desarrollo-turistico-de-punta-bergantin-y-montellano\\\/\",\"name\":\"INFOTEP impulsar\u00e1 formaci\u00f3n especializada para el desarrollo tur\u00edstico de Punta Bergant\u00edn y Montellano - Punta Bergant\u00edn\",\"isPartOf\":{\"@id\":\"https:\\\/\\\/bergantin.do\\\/#website\"},\"primaryImageOfPage\":{\"@id\":\"https:\\\/\\\/bergantin.do\\\/infotep-impulsara-formacion-especializada-para-el-desarrollo-turistico-de-punta-bergantin-y-montellano\\\/#primaryimage\"},\"image\":{\"@id\":\"https:\\\/\\\/bergantin.do\\\/infotep-impulsara-formacion-especializada-para-el-desarrollo-turistico-de-punta-bergantin-y-montellano\\\/#primaryimage\"},\"thumbnailUrl\":\"https:\\\/\\\/bergantin.do\\\/wp-content\\\/uploads\\\/2025\\\/08\\\/WhatsApp-Image-2025-08-09-at-13.58.03.jpeg\",\"datePublished\":\"2025-08-12T12:15:34+00:00\",\"dateModified\":\"2026-01-28T17:41:41+00:00\",\"author\":{\"@id\":\"https:\\\/\\\/bergantin.do\\\/#\\\/schema\\\/person\\\/6420f09485f4167d45c1ab5979a677a9\"},\"breadcrumb\":{\"@id\":\"https:\\\/\\\/bergantin.do\\\/infotep-impulsara-formacion-especializada-para-el-desarrollo-turistico-de-punta-bergantin-y-montellano\\\/#breadcrumb\"},\"inLanguage\":\"en-US\",\"potentialAction\":[{\"@type\":\"ReadAction\",\"target\":[\"https:\\\/\\\/bergantin.do\\\/infotep-impulsara-formacion-especializada-para-el-desarrollo-turistico-de-punta-bergantin-y-montellano\\\/\"]}]},{\"@type\":\"ImageObject\",\"inLanguage\":\"en-US\",\"@id\":\"https:\\\/\\\/bergantin.do\\\/infotep-impulsara-formacion-especializada-para-el-desarrollo-turistico-de-punta-bergantin-y-montellano\\\/#primaryimage\",\"url\":\"https:\\\/\\\/bergantin.do\\\/wp-content\\\/uploads\\\/2025\\\/08\\\/WhatsApp-Image-2025-08-09-at-13.58.03.jpeg\",\"contentUrl\":\"https:\\\/\\\/bergantin.do\\\/wp-content\\\/uploads\\\/2025\\\/08\\\/WhatsApp-Image-2025-08-09-at-13.58.03.jpeg\",\"width\":2560,\"height\":1545},{\"@type\":\"BreadcrumbList\",\"@id\":\"https:\\\/\\\/bergantin.do\\\/infotep-impulsara-formacion-especializada-para-el-desarrollo-turistico-de-punta-bergantin-y-montellano\\\/#breadcrumb\",\"itemListElement\":[{\"@type\":\"ListItem\",\"position\":1,\"name\":\"Inicio\",\"item\":\"https:\\\/\\\/bergantin.do\\\/\"},{\"@type\":\"ListItem\",\"position\":2,\"name\":\"INFOTEP impulsar\u00e1 formaci\u00f3n especializada para el desarrollo tur\u00edstico de Punta Bergant\u00edn y Montellano\"}]},{\"@type\":\"WebSite\",\"@id\":\"https:\\\/\\\/bergantin.do\\\/#website\",\"url\":\"https:\\\/\\\/bergantin.do\\\/\",\"name\":\"Punta Bergant\u00edn\",\"description\":\"Un destino tur\u00edstico de clase mundial en Puerto Plata, Rep\u00fablica Dominicana, que fusiona innovaci\u00f3n tecnolog\u00edca, cultura y sostenibilidad ambiental.\",\"potentialAction\":[{\"@type\":\"SearchAction\",\"target\":{\"@type\":\"EntryPoint\",\"urlTemplate\":\"https:\\\/\\\/bergantin.do\\\/?s={search_term_string}\"},\"query-input\":{\"@type\":\"PropertyValueSpecification\",\"valueRequired\":true,\"valueName\":\"search_term_string\"}}],\"inLanguage\":\"en-US\"},{\"@type\":\"Person\",\"@id\":\"https:\\\/\\\/bergantin.do\\\/#\\\/schema\\\/person\\\/6420f09485f4167d45c1ab5979a677a9\",\"name\":\"Angel Aquino\",\"image\":{\"@type\":\"ImageObject\",\"inLanguage\":\"en-US\",\"@id\":\"https:\\\/\\\/secure.gravatar.com\\\/avatar\\\/7d8c973f76cc44b5f654353894e7b98f8fa603262935e9e721ec5c16bc90e92d?s=96&d=mm&r=g\",\"url\":\"https:\\\/\\\/secure.gravatar.com\\\/avatar\\\/7d8c973f76cc44b5f654353894e7b98f8fa603262935e9e721ec5c16bc90e92d?s=96&d=mm&r=g\",\"contentUrl\":\"https:\\\/\\\/secure.gravatar.com\\\/avatar\\\/7d8c973f76cc44b5f654353894e7b98f8fa603262935e9e721ec5c16bc90e92d?s=96&d=mm&r=g\",\"caption\":\"Angel Aquino\"},\"url\":\"https:\\\/\\\/bergantin.do\\\/en\\\/author\\\/ajencydigital\\\/\"}]}<\/script>\n<!-- \/ Yoast SEO plugin. -->","yoast_head_json":{"title":"INFOTEP impulsar\u00e1 formaci\u00f3n especializada para el desarrollo tur\u00edstico de Punta Bergant\u00edn y Montellano - Punta Bergant\u00edn","robots":{"index":"index","follow":"follow","max-snippet":"max-snippet:-1","max-image-preview":"max-image-preview:large","max-video-preview":"max-video-preview:-1"},"canonical":"https:\/\/bergantin.do\/en\/infotep-impulsara-formacion-especializada-para-el-desarrollo-turistico-de-punta-bergantin-y-montellano\/","og_locale":"en_US","og_type":"article","og_title":"INFOTEP impulsar\u00e1 formaci\u00f3n especializada para el desarrollo tur\u00edstico de Punta Bergant\u00edn y Montellano - Punta Bergant\u00edn","og_description":"El plan contempla una escuela hotelera dentro de Punta Bergant\u00edn y un centro tecnol\u00f3gico en Montellano, con talleres m\u00f3viles y programas de formaci\u00f3n dise\u00f1ados para que la poblaci\u00f3n local lidere el desarrollo tur\u00edstico de la zona. Villa Montellano, Puerto Plata. \u2013 El Instituto Nacional de Formaci\u00f3n T\u00e9cnico Profesional (INFOTEP) anunci\u00f3, junto al Fideicomiso Punta Bergant\u00edn, [&hellip;]","og_url":"https:\/\/bergantin.do\/en\/infotep-impulsara-formacion-especializada-para-el-desarrollo-turistico-de-punta-bergantin-y-montellano\/","og_site_name":"Punta Bergant\u00edn","article_published_time":"2025-08-12T12:15:34+00:00","article_modified_time":"2026-01-28T17:41:41+00:00","og_image":[{"width":2560,"height":1545,"url":"https:\/\/bergantin.do\/wp-content\/uploads\/2025\/08\/WhatsApp-Image-2025-08-09-at-13.58.03.jpeg","type":"image\/jpeg"}],"author":"Angel Aquino","twitter_card":"summary_large_image","twitter_misc":{"Written by":"Angel Aquino","Est. reading time":"3 minutes"},"schema":{"@context":"https:\/\/schema.org","@graph":[{"@type":"Article","@id":"https:\/\/bergantin.do\/infotep-impulsara-formacion-especializada-para-el-desarrollo-turistico-de-punta-bergantin-y-montellano\/#article","isPartOf":{"@id":"https:\/\/bergantin.do\/infotep-impulsara-formacion-especializada-para-el-desarrollo-turistico-de-punta-bergantin-y-montellano\/"},"author":{"name":"Angel Aquino","@id":"https:\/\/bergantin.do\/#\/schema\/person\/6420f09485f4167d45c1ab5979a677a9"},"headline":"INFOTEP impulsar\u00e1 formaci\u00f3n especializada para el desarrollo tur\u00edstico de Punta Bergant\u00edn y Montellano","datePublished":"2025-08-12T12:15:34+00:00","dateModified":"2026-01-28T17:41:41+00:00","mainEntityOfPage":{"@id":"https:\/\/bergantin.do\/infotep-impulsara-formacion-especializada-para-el-desarrollo-turistico-de-punta-bergantin-y-montellano\/"},"wordCount":601,"image":{"@id":"https:\/\/bergantin.do\/infotep-impulsara-formacion-especializada-para-el-desarrollo-turistico-de-punta-bergantin-y-montellano\/#primaryimage"},"thumbnailUrl":"https:\/\/bergantin.do\/wp-content\/uploads\/2025\/08\/WhatsApp-Image-2025-08-09-at-13.58.03.jpeg","articleSection":["Sin categor\u00eda"],"inLanguage":"en-US"},{"@type":"WebPage","@id":"https:\/\/bergantin.do\/infotep-impulsara-formacion-especializada-para-el-desarrollo-turistico-de-punta-bergantin-y-montellano\/","url":"https:\/\/bergantin.do\/infotep-impulsara-formacion-especializada-para-el-desarrollo-turistico-de-punta-bergantin-y-montellano\/","name":"INFOTEP impulsar\u00e1 formaci\u00f3n especializada para el desarrollo tur\u00edstico de Punta Bergant\u00edn y Montellano - Punta Bergant\u00edn","isPartOf":{"@id":"https:\/\/bergantin.do\/#website"},"primaryImageOfPage":{"@id":"https:\/\/bergantin.do\/infotep-impulsara-formacion-especializada-para-el-desarrollo-turistico-de-punta-bergantin-y-montellano\/#primaryimage"},"image":{"@id":"https:\/\/bergantin.do\/infotep-impulsara-formacion-especializada-para-el-desarrollo-turistico-de-punta-bergantin-y-montellano\/#primaryimage"},"thumbnailUrl":"https:\/\/bergantin.do\/wp-content\/uploads\/2025\/08\/WhatsApp-Image-2025-08-09-at-13.58.03.jpeg","datePublished":"2025-08-12T12:15:34+00:00","dateModified":"2026-01-28T17:41:41+00:00","author":{"@id":"https:\/\/bergantin.do\/#\/schema\/person\/6420f09485f4167d45c1ab5979a677a9"},"breadcrumb":{"@id":"https:\/\/bergantin.do\/infotep-impulsara-formacion-especializada-para-el-desarrollo-turistico-de-punta-bergantin-y-montellano\/#breadcrumb"},"inLanguage":"en-US","potentialAction":[{"@type":"ReadAction","target":["https:\/\/bergantin.do\/infotep-impulsara-formacion-especializada-para-el-desarrollo-turistico-de-punta-bergantin-y-montellano\/"]}]},{"@type":"ImageObject","inLanguage":"en-US","@id":"https:\/\/bergantin.do\/infotep-impulsara-formacion-especializada-para-el-desarrollo-turistico-de-punta-bergantin-y-montellano\/#primaryimage","url":"https:\/\/bergantin.do\/wp-content\/uploads\/2025\/08\/WhatsApp-Image-2025-08-09-at-13.58.03.jpeg","contentUrl":"https:\/\/bergantin.do\/wp-content\/uploads\/2025\/08\/WhatsApp-Image-2025-08-09-at-13.58.03.jpeg","width":2560,"height":1545},{"@type":"BreadcrumbList","@id":"https:\/\/bergantin.do\/infotep-impulsara-formacion-especializada-para-el-desarrollo-turistico-de-punta-bergantin-y-montellano\/#breadcrumb","itemListElement":[{"@type":"ListItem","position":1,"name":"Inicio","item":"https:\/\/bergantin.do\/"},{"@type":"ListItem","position":2,"name":"INFOTEP impulsar\u00e1 formaci\u00f3n especializada para el desarrollo tur\u00edstico de Punta Bergant\u00edn y Montellano"}]},{"@type":"WebSite","@id":"https:\/\/bergantin.do\/#website","url":"https:\/\/bergantin.do\/","name":"Punta Bergant\u00edn","description":"A world-class tourist destination in Puerto Plata, Dominican Republic, that fuses technological innovation, culture and environmental sustainability.","potentialAction":[{"@type":"SearchAction","target":{"@type":"EntryPoint","urlTemplate":"https:\/\/bergantin.do\/?s={search_term_string}"},"query-input":{"@type":"PropertyValueSpecification","valueRequired":true,"valueName":"search_term_string"}}],"inLanguage":"en-US"},{"@type":"Person","@id":"https:\/\/bergantin.do\/#\/schema\/person\/6420f09485f4167d45c1ab5979a677a9","name":"Angel Aquino","image":{"@type":"ImageObject","inLanguage":"en-US","@id":"https:\/\/secure.gravatar.com\/avatar\/7d8c973f76cc44b5f654353894e7b98f8fa603262935e9e721ec5c16bc90e92d?s=96&d=mm&r=g","url":"https:\/\/secure.gravatar.com\/avatar\/7d8c973f76cc44b5f654353894e7b98f8fa603262935e9e721ec5c16bc90e92d?s=96&d=mm&r=g","contentUrl":"https:\/\/secure.gravatar.com\/avatar\/7d8c973f76cc44b5f654353894e7b98f8fa603262935e9e721ec5c16bc90e92d?s=96&d=mm&r=g","caption":"Angel Aquino"},"url":"https:\/\/bergantin.do\/en\/author\/ajencydigital\/"}]}},"_links":{"self":[{"href":"https:\/\/bergantin.do\/en\/wp-json\/wp\/v2\/posts\/591","targetHints":{"allow":["GET"]}}],"collection":[{"href":"https:\/\/bergantin.do\/en\/wp-json\/wp\/v2\/posts"}],"about":[{"href":"https:\/\/bergantin.do\/en\/wp-json\/wp\/v2\/types\/post"}],"author":[{"embeddable":true,"href":"https:\/\/bergantin.do\/en\/wp-json\/wp\/v2\/users\/3"}],"replies":[{"embeddable":true,"href":"https:\/\/bergantin.do\/en\/wp-json\/wp\/v2\/comments?post=591"}],"version-history":[{"count":1,"href":"https:\/\/bergantin.do\/en\/wp-json\/wp\/v2\/posts\/591\/revisions"}],"predecessor-version":[{"id":593,"href":"https:\/\/bergantin.do\/en\/wp-json\/wp\/v2\/posts\/591\/revisions\/593"}],"wp:featuredmedia":[{"embeddable":true,"href":"https:\/\/bergantin.do\/en\/wp-json\/wp\/v2\/media\/592"}],"wp:attachment":[{"href":"https:\/\/bergantin.do\/en\/wp-json\/wp\/v2\/media?parent=591"}],"wp:term":[{"taxonomy":"category","embeddable":true,"href":"https:\/\/bergantin.do\/en\/wp-json\/wp\/v2\/categories?post=591"},{"taxonomy":"post_tag","embeddable":true,"href":"https:\/\/bergantin.do\/en\/wp-json\/wp\/v2\/tags?post=591"}],"curies":[{"name":"wp","href":"https:\/\/api.w.org\/{rel}","templated":true}]}}