{"id":587,"date":"2025-07-31T01:35:55","date_gmt":"2025-07-31T01:35:55","guid":{"rendered":"https:\/\/bergantin.do\/?p=587"},"modified":"2026-01-28T17:41:41","modified_gmt":"2026-01-28T17:41:41","slug":"vistas-publicas-para-punta-bergantin-provocan-expresiones-de-apoyo-para-el-proyecto","status":"publish","type":"post","link":"https:\/\/bergantin.do\/en\/vistas-publicas-para-punta-bergantin-provocan-expresiones-de-apoyo-para-el-proyecto\/","title":{"rendered":"Public hearings for Punta Bergant\u00edn spark expressions of support for the project"},"content":{"rendered":"<p><b><i>Relaunching tourism in Puerto Plata <\/i><\/b><\/p>\n<p><b>VILLA MONTELLANO. \u2013<\/b><span style=\"font-weight: 400;\"> The public hearing to present the characteristics of the first four hotels in the Punta Bergant\u00edn tourist complex and the results of the environmental impact study to authorities, community leaders, journalists, and other stakeholders in the region turned into a meeting in which all those who spoke expressed their support for this initiative.\u00a0<\/span><\/p>\n<p><span style=\"font-weight: 400;\">Even seasoned tourism professionals, journalists, and community leaders from the Puerto Plata province, such as Julio Almonte, Oscar Lora, Edward Capell\u00e1n, Felipe Santiago, Cesar Jos\u00e9 de los Santos, and Luis S\u00e1nchez, agreed that the resort will serve as a revival of the North Coast&#039;s tourism industry.\u00a0<\/span><\/p>\n<p><span style=\"font-weight: 400;\">The establishments presented were: <\/span><b>Amber Gardens Hotel, Atlantic View Hotel, Emerald Valley Hotel and Costa Dorada Hotel, \u201c<\/b><span style=\"font-weight: 400;\">planned to be operated under the Westin, W, Meli\u00e1 and Hilton brands, will have 500 rooms, and share a common vision of sustainability.\u201d\u00a0<\/span><\/p>\n<p><span style=\"font-weight: 400;\">The mayor of Villa Montellano, H\u00e9ctor Rafael Almonte Santana, expressed the community&#039;s positive expectations that the development of Punta Bergant\u00edn will have a positive impact on the region and promote a new dynamic of development in the area.\u00a0<\/span><\/p>\n<p>&nbsp;<\/p>\n<p><b>Dialogue with the community\u00a0<\/b><\/p>\n<p><span style=\"font-weight: 400;\">Andr\u00e9s Marranzini, project director, highlighted the importance of this meeting with authorities, business leaders, community members, and journalists, as well as the fact that it fulfills a requirement of environmental law.\u00a0<\/span><\/p>\n<p><span style=\"font-weight: 400;\">More than an obligation, he said, the public hearing is a legal requirement for the Punta Bergant\u00edn Trust, headed by Banco de Reservas. This meeting continues the strategy of dialogue with the community.\u00a0<\/span><\/p>\n<p><span style=\"font-weight: 400;\">\u201cThis is,\u201d Marranzini explained, \u201ca consultation tool that promotes broad participation among stakeholders in the Punta Bergant\u00edn project, and it is an opportunity for those leading the project to hear the community&#039;s comments, which will always be taken into account.\u201d\u00a0<\/span><\/p>\n<p><span style=\"font-weight: 400;\">He indicated that the meeting was convened to present the project&#039;s characteristics to the community, address any concerns it may raise, report on potential environmental impacts, and strengthen communication between the project and the community and the province\u2014something that has been promoted since day one and will continue to be the case.<\/span><\/p>\n<p><span style=\"font-weight: 400;\">Marranzini explained that he hopes the approval process will be completed this year and that construction on the hotels will begin in early 2026, and they will be on the market for the 2027-2028 peak season.<\/span><\/p>\n<p>&nbsp;<\/p>\n<p><b>Take advantage of the natural charm\u00a0<\/b><\/p>\n<p><span style=\"font-weight: 400;\">Engineer Mariel Rodr\u00edguez described Punta Bergant\u00edn as &quot;a tourism development project comprised of five-star hotels, integrated into a single master plan, conceived under an eco-friendly model, with a firm commitment to conserving the area&#039;s natural resources and offering a product that combines luxury, sustainability, and authentic experiences, taking advantage of the natural charm of the surroundings.&quot;<\/span><\/p>\n<p><span style=\"font-weight: 400;\">The rooms will be distributed in buildings of up to seven levels, increasing in height as they move away from the coast, with the aim of not obstructing sea views and promoting harmonious integration with the natural landscape.<\/span><\/p>\n<p><span style=\"font-weight: 400;\">It will feature social and recreational areas with swimming pools, restaurants, a snack bar, a spa, a gym, event rooms, and a beach club, all meeting international standards and in keeping with the surrounding environment. The outdoor spaces will be designed to interact respectfully with the surrounding landscape, incorporating natural elements that enhance the environmental experience and contribute to its preservation.<\/span><\/p>\n<p><b>Low environmental impact materials\u00a0<\/b><\/p>\n<p><span style=\"font-weight: 400;\">Priority will be given to the use of local, renewable, and low-environmental-impact materials, as well as ecologically certified materials such as sustainably sourced wood, low-VOC paints, and efficient thermal insulation systems.<\/span><\/p>\n<p><span style=\"font-weight: 400;\">In addition, the use of recycled, recyclable, or biodegradable materials will be encouraged at various stages of the construction process. Permeable paving will be used in outdoor areas and trails to allow natural rainwater infiltration, reducing surface runoff and respecting the region&#039;s water cycle.<\/span><\/p>\n<p><span style=\"font-weight: 400;\">The wastewater treatment system will be centralized and managed by the Punta Bergant\u00edn Trust. This will allow hotels to connect directly to the institutional system without the need to build individual plants, ensuring efficient management approved by environmental authorities.<\/span><\/p>","protected":false},"excerpt":{"rendered":"<p>Relanzamiento del turismo en Puerto Plata VILLA MONTELLANO. &#8211; La vista p\u00fablica para presentar a las autoridades, dirigentes comunitarios, periodistas y otros interesados de la regi\u00f3n las caracter\u00edsticas de los primero cuatro hoteles del complejo tur\u00edstico Punta Bergant\u00edn y los resultados del estudio de impacto ambiental, se convirti\u00f3 en una reuni\u00f3n en la cual todos [&hellip;]<\/p>\n","protected":false},"author":3,"featured_media":588,"comment_status":"closed","ping_status":"closed","sticky":false,"template":"","format":"standard","meta":{"inline_featured_image":false,"footnotes":""},"categories":[3],"tags":[],"class_list":["post-587","post","type-post","status-publish","format-standard","has-post-thumbnail","hentry","category-noticia"],"yoast_head":"<!-- This site is optimized with the Yoast SEO plugin v27.5 - https:\/\/yoast.com\/product\/yoast-seo-wordpress\/ -->\n<title>Vistas p\u00fablicas para Punta Bergant\u00edn provocan expresiones de apoyo para el proyecto - Punta Bergant\u00edn<\/title>\n<meta name=\"robots\" content=\"index, follow, max-snippet:-1, max-image-preview:large, max-video-preview:-1\" \/>\n<link rel=\"canonical\" href=\"https:\/\/bergantin.do\/en\/vistas-publicas-para-punta-bergantin-provocan-expresiones-de-apoyo-para-el-proyecto\/\" \/>\n<meta property=\"og:locale\" content=\"en_US\" \/>\n<meta property=\"og:type\" content=\"article\" \/>\n<meta property=\"og:title\" content=\"Vistas p\u00fablicas para Punta Bergant\u00edn provocan expresiones de apoyo para el proyecto - Punta Bergant\u00edn\" \/>\n<meta property=\"og:description\" content=\"Relanzamiento del turismo en Puerto Plata VILLA MONTELLANO. &#8211; La vista p\u00fablica para presentar a las autoridades, dirigentes comunitarios, periodistas y otros interesados de la regi\u00f3n las caracter\u00edsticas de los primero cuatro hoteles del complejo tur\u00edstico Punta Bergant\u00edn y los resultados del estudio de impacto ambiental, se convirti\u00f3 en una reuni\u00f3n en la cual todos [&hellip;]\" \/>\n<meta property=\"og:url\" content=\"https:\/\/bergantin.do\/en\/vistas-publicas-para-punta-bergantin-provocan-expresiones-de-apoyo-para-el-proyecto\/\" \/>\n<meta property=\"og:site_name\" content=\"Punta Bergant\u00edn\" \/>\n<meta property=\"article:published_time\" content=\"2025-07-31T01:35:55+00:00\" \/>\n<meta property=\"article:modified_time\" content=\"2026-01-28T17:41:41+00:00\" \/>\n<meta property=\"og:image\" content=\"https:\/\/bergantin.do\/wp-content\/uploads\/2025\/07\/DSC00780-scaled.jpg\" \/>\n\t<meta property=\"og:image:width\" content=\"2560\" \/>\n\t<meta property=\"og:image:height\" content=\"1707\" \/>\n\t<meta property=\"og:image:type\" content=\"image\/jpeg\" \/>\n<meta name=\"author\" content=\"Angel Aquino\" \/>\n<meta name=\"twitter:card\" content=\"summary_large_image\" \/>\n<meta name=\"twitter:label1\" content=\"Written by\" \/>\n\t<meta name=\"twitter:data1\" content=\"Angel Aquino\" \/>\n\t<meta name=\"twitter:label2\" content=\"Est. reading time\" \/>\n\t<meta name=\"twitter:data2\" content=\"4 minutes\" \/>\n<script type=\"application\/ld+json\" class=\"yoast-schema-graph\">{\"@context\":\"https:\\\/\\\/schema.org\",\"@graph\":[{\"@type\":\"Article\",\"@id\":\"https:\\\/\\\/bergantin.do\\\/vistas-publicas-para-punta-bergantin-provocan-expresiones-de-apoyo-para-el-proyecto\\\/#article\",\"isPartOf\":{\"@id\":\"https:\\\/\\\/bergantin.do\\\/vistas-publicas-para-punta-bergantin-provocan-expresiones-de-apoyo-para-el-proyecto\\\/\"},\"author\":{\"name\":\"Angel Aquino\",\"@id\":\"https:\\\/\\\/bergantin.do\\\/#\\\/schema\\\/person\\\/6420f09485f4167d45c1ab5979a677a9\"},\"headline\":\"Vistas p\u00fablicas para Punta Bergant\u00edn provocan expresiones de apoyo para el proyecto\",\"datePublished\":\"2025-07-31T01:35:55+00:00\",\"dateModified\":\"2026-01-28T17:41:41+00:00\",\"mainEntityOfPage\":{\"@id\":\"https:\\\/\\\/bergantin.do\\\/vistas-publicas-para-punta-bergantin-provocan-expresiones-de-apoyo-para-el-proyecto\\\/\"},\"wordCount\":777,\"image\":{\"@id\":\"https:\\\/\\\/bergantin.do\\\/vistas-publicas-para-punta-bergantin-provocan-expresiones-de-apoyo-para-el-proyecto\\\/#primaryimage\"},\"thumbnailUrl\":\"https:\\\/\\\/bergantin.do\\\/wp-content\\\/uploads\\\/2025\\\/07\\\/DSC00780-scaled.jpg\",\"articleSection\":[\"Noticia\"],\"inLanguage\":\"en-US\"},{\"@type\":\"WebPage\",\"@id\":\"https:\\\/\\\/bergantin.do\\\/vistas-publicas-para-punta-bergantin-provocan-expresiones-de-apoyo-para-el-proyecto\\\/\",\"url\":\"https:\\\/\\\/bergantin.do\\\/vistas-publicas-para-punta-bergantin-provocan-expresiones-de-apoyo-para-el-proyecto\\\/\",\"name\":\"Vistas p\u00fablicas para Punta Bergant\u00edn provocan expresiones de apoyo para el proyecto - Punta Bergant\u00edn\",\"isPartOf\":{\"@id\":\"https:\\\/\\\/bergantin.do\\\/#website\"},\"primaryImageOfPage\":{\"@id\":\"https:\\\/\\\/bergantin.do\\\/vistas-publicas-para-punta-bergantin-provocan-expresiones-de-apoyo-para-el-proyecto\\\/#primaryimage\"},\"image\":{\"@id\":\"https:\\\/\\\/bergantin.do\\\/vistas-publicas-para-punta-bergantin-provocan-expresiones-de-apoyo-para-el-proyecto\\\/#primaryimage\"},\"thumbnailUrl\":\"https:\\\/\\\/bergantin.do\\\/wp-content\\\/uploads\\\/2025\\\/07\\\/DSC00780-scaled.jpg\",\"datePublished\":\"2025-07-31T01:35:55+00:00\",\"dateModified\":\"2026-01-28T17:41:41+00:00\",\"author\":{\"@id\":\"https:\\\/\\\/bergantin.do\\\/#\\\/schema\\\/person\\\/6420f09485f4167d45c1ab5979a677a9\"},\"breadcrumb\":{\"@id\":\"https:\\\/\\\/bergantin.do\\\/vistas-publicas-para-punta-bergantin-provocan-expresiones-de-apoyo-para-el-proyecto\\\/#breadcrumb\"},\"inLanguage\":\"en-US\",\"potentialAction\":[{\"@type\":\"ReadAction\",\"target\":[\"https:\\\/\\\/bergantin.do\\\/vistas-publicas-para-punta-bergantin-provocan-expresiones-de-apoyo-para-el-proyecto\\\/\"]}]},{\"@type\":\"ImageObject\",\"inLanguage\":\"en-US\",\"@id\":\"https:\\\/\\\/bergantin.do\\\/vistas-publicas-para-punta-bergantin-provocan-expresiones-de-apoyo-para-el-proyecto\\\/#primaryimage\",\"url\":\"https:\\\/\\\/bergantin.do\\\/wp-content\\\/uploads\\\/2025\\\/07\\\/DSC00780-scaled.jpg\",\"contentUrl\":\"https:\\\/\\\/bergantin.do\\\/wp-content\\\/uploads\\\/2025\\\/07\\\/DSC00780-scaled.jpg\",\"width\":2560,\"height\":1707},{\"@type\":\"BreadcrumbList\",\"@id\":\"https:\\\/\\\/bergantin.do\\\/vistas-publicas-para-punta-bergantin-provocan-expresiones-de-apoyo-para-el-proyecto\\\/#breadcrumb\",\"itemListElement\":[{\"@type\":\"ListItem\",\"position\":1,\"name\":\"Inicio\",\"item\":\"https:\\\/\\\/bergantin.do\\\/\"},{\"@type\":\"ListItem\",\"position\":2,\"name\":\"Vistas p\u00fablicas para Punta Bergant\u00edn provocan expresiones de apoyo para el proyecto\"}]},{\"@type\":\"WebSite\",\"@id\":\"https:\\\/\\\/bergantin.do\\\/#website\",\"url\":\"https:\\\/\\\/bergantin.do\\\/\",\"name\":\"Punta Bergant\u00edn\",\"description\":\"Un destino tur\u00edstico de clase mundial en Puerto Plata, Rep\u00fablica Dominicana, que fusiona innovaci\u00f3n tecnolog\u00edca, cultura y sostenibilidad ambiental.\",\"potentialAction\":[{\"@type\":\"SearchAction\",\"target\":{\"@type\":\"EntryPoint\",\"urlTemplate\":\"https:\\\/\\\/bergantin.do\\\/?s={search_term_string}\"},\"query-input\":{\"@type\":\"PropertyValueSpecification\",\"valueRequired\":true,\"valueName\":\"search_term_string\"}}],\"inLanguage\":\"en-US\"},{\"@type\":\"Person\",\"@id\":\"https:\\\/\\\/bergantin.do\\\/#\\\/schema\\\/person\\\/6420f09485f4167d45c1ab5979a677a9\",\"name\":\"Angel Aquino\",\"image\":{\"@type\":\"ImageObject\",\"inLanguage\":\"en-US\",\"@id\":\"https:\\\/\\\/secure.gravatar.com\\\/avatar\\\/7d8c973f76cc44b5f654353894e7b98f8fa603262935e9e721ec5c16bc90e92d?s=96&d=mm&r=g\",\"url\":\"https:\\\/\\\/secure.gravatar.com\\\/avatar\\\/7d8c973f76cc44b5f654353894e7b98f8fa603262935e9e721ec5c16bc90e92d?s=96&d=mm&r=g\",\"contentUrl\":\"https:\\\/\\\/secure.gravatar.com\\\/avatar\\\/7d8c973f76cc44b5f654353894e7b98f8fa603262935e9e721ec5c16bc90e92d?s=96&d=mm&r=g\",\"caption\":\"Angel Aquino\"},\"url\":\"https:\\\/\\\/bergantin.do\\\/en\\\/author\\\/ajencydigital\\\/\"}]}<\/script>\n<!-- \/ Yoast SEO plugin. -->","yoast_head_json":{"title":"Vistas p\u00fablicas para Punta Bergant\u00edn provocan expresiones de apoyo para el proyecto - Punta Bergant\u00edn","robots":{"index":"index","follow":"follow","max-snippet":"max-snippet:-1","max-image-preview":"max-image-preview:large","max-video-preview":"max-video-preview:-1"},"canonical":"https:\/\/bergantin.do\/en\/vistas-publicas-para-punta-bergantin-provocan-expresiones-de-apoyo-para-el-proyecto\/","og_locale":"en_US","og_type":"article","og_title":"Vistas p\u00fablicas para Punta Bergant\u00edn provocan expresiones de apoyo para el proyecto - Punta Bergant\u00edn","og_description":"Relanzamiento del turismo en Puerto Plata VILLA MONTELLANO. &#8211; La vista p\u00fablica para presentar a las autoridades, dirigentes comunitarios, periodistas y otros interesados de la regi\u00f3n las caracter\u00edsticas de los primero cuatro hoteles del complejo tur\u00edstico Punta Bergant\u00edn y los resultados del estudio de impacto ambiental, se convirti\u00f3 en una reuni\u00f3n en la cual todos [&hellip;]","og_url":"https:\/\/bergantin.do\/en\/vistas-publicas-para-punta-bergantin-provocan-expresiones-de-apoyo-para-el-proyecto\/","og_site_name":"Punta Bergant\u00edn","article_published_time":"2025-07-31T01:35:55+00:00","article_modified_time":"2026-01-28T17:41:41+00:00","og_image":[{"width":2560,"height":1707,"url":"https:\/\/bergantin.do\/wp-content\/uploads\/2025\/07\/DSC00780-scaled.jpg","type":"image\/jpeg"}],"author":"Angel Aquino","twitter_card":"summary_large_image","twitter_misc":{"Written by":"Angel Aquino","Est. reading time":"4 minutes"},"schema":{"@context":"https:\/\/schema.org","@graph":[{"@type":"Article","@id":"https:\/\/bergantin.do\/vistas-publicas-para-punta-bergantin-provocan-expresiones-de-apoyo-para-el-proyecto\/#article","isPartOf":{"@id":"https:\/\/bergantin.do\/vistas-publicas-para-punta-bergantin-provocan-expresiones-de-apoyo-para-el-proyecto\/"},"author":{"name":"Angel Aquino","@id":"https:\/\/bergantin.do\/#\/schema\/person\/6420f09485f4167d45c1ab5979a677a9"},"headline":"Vistas p\u00fablicas para Punta Bergant\u00edn provocan expresiones de apoyo para el proyecto","datePublished":"2025-07-31T01:35:55+00:00","dateModified":"2026-01-28T17:41:41+00:00","mainEntityOfPage":{"@id":"https:\/\/bergantin.do\/vistas-publicas-para-punta-bergantin-provocan-expresiones-de-apoyo-para-el-proyecto\/"},"wordCount":777,"image":{"@id":"https:\/\/bergantin.do\/vistas-publicas-para-punta-bergantin-provocan-expresiones-de-apoyo-para-el-proyecto\/#primaryimage"},"thumbnailUrl":"https:\/\/bergantin.do\/wp-content\/uploads\/2025\/07\/DSC00780-scaled.jpg","articleSection":["Noticia"],"inLanguage":"en-US"},{"@type":"WebPage","@id":"https:\/\/bergantin.do\/vistas-publicas-para-punta-bergantin-provocan-expresiones-de-apoyo-para-el-proyecto\/","url":"https:\/\/bergantin.do\/vistas-publicas-para-punta-bergantin-provocan-expresiones-de-apoyo-para-el-proyecto\/","name":"Vistas p\u00fablicas para Punta Bergant\u00edn provocan expresiones de apoyo para el proyecto - Punta Bergant\u00edn","isPartOf":{"@id":"https:\/\/bergantin.do\/#website"},"primaryImageOfPage":{"@id":"https:\/\/bergantin.do\/vistas-publicas-para-punta-bergantin-provocan-expresiones-de-apoyo-para-el-proyecto\/#primaryimage"},"image":{"@id":"https:\/\/bergantin.do\/vistas-publicas-para-punta-bergantin-provocan-expresiones-de-apoyo-para-el-proyecto\/#primaryimage"},"thumbnailUrl":"https:\/\/bergantin.do\/wp-content\/uploads\/2025\/07\/DSC00780-scaled.jpg","datePublished":"2025-07-31T01:35:55+00:00","dateModified":"2026-01-28T17:41:41+00:00","author":{"@id":"https:\/\/bergantin.do\/#\/schema\/person\/6420f09485f4167d45c1ab5979a677a9"},"breadcrumb":{"@id":"https:\/\/bergantin.do\/vistas-publicas-para-punta-bergantin-provocan-expresiones-de-apoyo-para-el-proyecto\/#breadcrumb"},"inLanguage":"en-US","potentialAction":[{"@type":"ReadAction","target":["https:\/\/bergantin.do\/vistas-publicas-para-punta-bergantin-provocan-expresiones-de-apoyo-para-el-proyecto\/"]}]},{"@type":"ImageObject","inLanguage":"en-US","@id":"https:\/\/bergantin.do\/vistas-publicas-para-punta-bergantin-provocan-expresiones-de-apoyo-para-el-proyecto\/#primaryimage","url":"https:\/\/bergantin.do\/wp-content\/uploads\/2025\/07\/DSC00780-scaled.jpg","contentUrl":"https:\/\/bergantin.do\/wp-content\/uploads\/2025\/07\/DSC00780-scaled.jpg","width":2560,"height":1707},{"@type":"BreadcrumbList","@id":"https:\/\/bergantin.do\/vistas-publicas-para-punta-bergantin-provocan-expresiones-de-apoyo-para-el-proyecto\/#breadcrumb","itemListElement":[{"@type":"ListItem","position":1,"name":"Inicio","item":"https:\/\/bergantin.do\/"},{"@type":"ListItem","position":2,"name":"Vistas p\u00fablicas para Punta Bergant\u00edn provocan expresiones de apoyo para el proyecto"}]},{"@type":"WebSite","@id":"https:\/\/bergantin.do\/#website","url":"https:\/\/bergantin.do\/","name":"Punta Bergant\u00edn","description":"A world-class tourist destination in Puerto Plata, Dominican Republic, that fuses technological innovation, culture and environmental sustainability.","potentialAction":[{"@type":"SearchAction","target":{"@type":"EntryPoint","urlTemplate":"https:\/\/bergantin.do\/?s={search_term_string}"},"query-input":{"@type":"PropertyValueSpecification","valueRequired":true,"valueName":"search_term_string"}}],"inLanguage":"en-US"},{"@type":"Person","@id":"https:\/\/bergantin.do\/#\/schema\/person\/6420f09485f4167d45c1ab5979a677a9","name":"Angel Aquino","image":{"@type":"ImageObject","inLanguage":"en-US","@id":"https:\/\/secure.gravatar.com\/avatar\/7d8c973f76cc44b5f654353894e7b98f8fa603262935e9e721ec5c16bc90e92d?s=96&d=mm&r=g","url":"https:\/\/secure.gravatar.com\/avatar\/7d8c973f76cc44b5f654353894e7b98f8fa603262935e9e721ec5c16bc90e92d?s=96&d=mm&r=g","contentUrl":"https:\/\/secure.gravatar.com\/avatar\/7d8c973f76cc44b5f654353894e7b98f8fa603262935e9e721ec5c16bc90e92d?s=96&d=mm&r=g","caption":"Angel Aquino"},"url":"https:\/\/bergantin.do\/en\/author\/ajencydigital\/"}]}},"_links":{"self":[{"href":"https:\/\/bergantin.do\/en\/wp-json\/wp\/v2\/posts\/587","targetHints":{"allow":["GET"]}}],"collection":[{"href":"https:\/\/bergantin.do\/en\/wp-json\/wp\/v2\/posts"}],"about":[{"href":"https:\/\/bergantin.do\/en\/wp-json\/wp\/v2\/types\/post"}],"author":[{"embeddable":true,"href":"https:\/\/bergantin.do\/en\/wp-json\/wp\/v2\/users\/3"}],"replies":[{"embeddable":true,"href":"https:\/\/bergantin.do\/en\/wp-json\/wp\/v2\/comments?post=587"}],"version-history":[{"count":1,"href":"https:\/\/bergantin.do\/en\/wp-json\/wp\/v2\/posts\/587\/revisions"}],"predecessor-version":[{"id":589,"href":"https:\/\/bergantin.do\/en\/wp-json\/wp\/v2\/posts\/587\/revisions\/589"}],"wp:featuredmedia":[{"embeddable":true,"href":"https:\/\/bergantin.do\/en\/wp-json\/wp\/v2\/media\/588"}],"wp:attachment":[{"href":"https:\/\/bergantin.do\/en\/wp-json\/wp\/v2\/media?parent=587"}],"wp:term":[{"taxonomy":"category","embeddable":true,"href":"https:\/\/bergantin.do\/en\/wp-json\/wp\/v2\/categories?post=587"},{"taxonomy":"post_tag","embeddable":true,"href":"https:\/\/bergantin.do\/en\/wp-json\/wp\/v2\/tags?post=587"}],"curies":[{"name":"wp","href":"https:\/\/api.w.org\/{rel}","templated":true}]}}