{"id":573,"date":"2025-04-21T15:16:22","date_gmt":"2025-04-21T15:16:22","guid":{"rendered":"https:\/\/bergantin.do\/?p=573"},"modified":"2026-01-28T17:41:42","modified_gmt":"2026-01-28T17:41:42","slug":"el-siuben-junto-al-proyecto-punta-bergantin-presentan-resultados-del-levantamiento-de-informacion-socioeconomica-en-villa-montellano-puerto-plata","status":"publish","type":"post","link":"https:\/\/bergantin.do\/en\/el-siuben-junto-al-proyecto-punta-bergantin-presentan-resultados-del-levantamiento-de-informacion-socioeconomica-en-villa-montellano-puerto-plata\/","title":{"rendered":"SIUBEN, together with the Punta Bergant\u00edn Project, presents the results of the socioeconomic data collection in Villa Montellano, Puerto Plata."},"content":{"rendered":"<p><em>The information will facilitate decision-making, access to development projects, and targeting of social programs.<\/em><\/p>\n<p><strong>Villa Montellano, Puerto Plata. \u2013<\/strong> The Single Beneficiary System (SIUBEN), an entity attached to the Ministry of Economy, Planning, and Development, presented the results of the socioeconomic information survey of households conducted in the aforementioned municipality during the months of November and December 2024.<\/p>\n<p>The general director of SIUBEN, Augusto De Los Santos, while sharing the most relevant data from the process, thanked those present for their attendance, including the executives of Punta Bergant\u00edn, represented by the director of Community Sustainability and Research, Leonela Volquez, as well as provincial and municipal authorities, especially the mayor of Villa Montellano, H\u00e9ctor Almonte, who highlighted the importance of the work carried out to identify the community&#039;s socioeconomic conditions.<\/p>\n<p>&quot;This survey complements the Dominican government&#039;s efforts to promote the socioeconomic growth of this municipality, which, through the Punta Bergant\u00edn project, is developing one of the main strategies to guarantee access to diverse opportunities with the goal of improving the quality of life of our people,&quot; said the director of Los Santos.<\/p>\n<p>The research, carried out in coordination with the aforementioned tourism-real estate project, seeks to identify needs that will be addressed, whether employment, social, educational, or technical training, in order to provide training and integration opportunities for both the value chains it generates and the various markets that comprise this investment.<\/p>\n<p>De los Santos added: \u201cFor SIUBEN, by identifying and prioritizing the vulnerability of families as part of the purpose that defines us, this experience, edifying beyond belief, and of significant scientific value, meets the expectations for which we were created by providing decisive information for the sustained growth of Villa Montellano. We are also grateful for the trust placed in us by the Executive Director of Punta Bergant\u00edn, Andr\u00e9s Marranzini, by promoting this initiative.\u201d<\/p>\n<p>Meanwhile, Leonela Volquez, executive of Punta Bergant\u00edn, stated that, \u201cWith the integration of SIUBEN, we are incorporating the strategy designed for the groups now identified to build, through our executive director, the sustainable development objective that encompasses Punta Bergant\u00edn, which is transversal to President Abinader&#039;s mandate for the region and has the support of the BanReservas group structure.\u201d<\/p>","protected":false},"excerpt":{"rendered":"<p>La informaci\u00f3n facilitar\u00e1 toma de decisiones, acceso a proyectos de desarrollo, y focalizaci\u00f3n a programas sociales. Villa Montellano, Puerto Plata. \u2013 El Sistema \u00danico de Beneficiarios, SIUBEN, entidad adscrita al Ministerio de Econom\u00eda, Planificaci\u00f3n y Desarrollo, present\u00f3 los resultados del levantamiento de informaci\u00f3n socioecon\u00f3mica de hogares realizado en el citado municipio durante los meses de [&hellip;]<\/p>\n","protected":false},"author":3,"featured_media":576,"comment_status":"closed","ping_status":"closed","sticky":false,"template":"","format":"standard","meta":{"inline_featured_image":false,"footnotes":""},"categories":[1],"tags":[],"class_list":["post-573","post","type-post","status-publish","format-standard","has-post-thumbnail","hentry","category-sin-categoria"],"yoast_head":"<!-- This site is optimized with the Yoast SEO plugin v27.5 - https:\/\/yoast.com\/product\/yoast-seo-wordpress\/ -->\n<title>El SIUBEN junto al Proyecto Punta Bergant\u00edn, presentan resultados del levantamiento de informaci\u00f3n socioecon\u00f3mica en Villa Montellano, Puerto Plata. - Punta Bergant\u00edn<\/title>\n<meta name=\"robots\" content=\"index, follow, max-snippet:-1, max-image-preview:large, max-video-preview:-1\" \/>\n<link rel=\"canonical\" href=\"https:\/\/bergantin.do\/en\/el-siuben-junto-al-proyecto-punta-bergantin-presentan-resultados-del-levantamiento-de-informacion-socioeconomica-en-villa-montellano-puerto-plata\/\" \/>\n<meta property=\"og:locale\" content=\"en_US\" \/>\n<meta property=\"og:type\" content=\"article\" \/>\n<meta property=\"og:title\" content=\"El SIUBEN junto al Proyecto Punta Bergant\u00edn, presentan resultados del levantamiento de informaci\u00f3n socioecon\u00f3mica en Villa Montellano, Puerto Plata. - Punta Bergant\u00edn\" \/>\n<meta property=\"og:description\" content=\"La informaci\u00f3n facilitar\u00e1 toma de decisiones, acceso a proyectos de desarrollo, y focalizaci\u00f3n a programas sociales. Villa Montellano, Puerto Plata. \u2013 El Sistema \u00danico de Beneficiarios, SIUBEN, entidad adscrita al Ministerio de Econom\u00eda, Planificaci\u00f3n y Desarrollo, present\u00f3 los resultados del levantamiento de informaci\u00f3n socioecon\u00f3mica de hogares realizado en el citado municipio durante los meses de [&hellip;]\" \/>\n<meta property=\"og:url\" content=\"https:\/\/bergantin.do\/en\/el-siuben-junto-al-proyecto-punta-bergantin-presentan-resultados-del-levantamiento-de-informacion-socioeconomica-en-villa-montellano-puerto-plata\/\" \/>\n<meta property=\"og:site_name\" content=\"Punta Bergant\u00edn\" \/>\n<meta property=\"article:published_time\" content=\"2025-04-21T15:16:22+00:00\" \/>\n<meta property=\"article:modified_time\" content=\"2026-01-28T17:41:42+00:00\" \/>\n<meta property=\"og:image\" content=\"https:\/\/bergantin.do\/wp-content\/uploads\/2025\/04\/IMG_1779-scaled.jpg\" \/>\n\t<meta property=\"og:image:width\" content=\"2560\" \/>\n\t<meta property=\"og:image:height\" content=\"1707\" \/>\n\t<meta property=\"og:image:type\" content=\"image\/jpeg\" \/>\n<meta name=\"author\" content=\"Angel Aquino\" \/>\n<meta name=\"twitter:card\" content=\"summary_large_image\" \/>\n<meta name=\"twitter:label1\" content=\"Written by\" \/>\n\t<meta name=\"twitter:data1\" content=\"Angel Aquino\" \/>\n\t<meta name=\"twitter:label2\" content=\"Est. reading time\" \/>\n\t<meta name=\"twitter:data2\" content=\"2 minutes\" \/>\n<script type=\"application\/ld+json\" class=\"yoast-schema-graph\">{\"@context\":\"https:\\\/\\\/schema.org\",\"@graph\":[{\"@type\":\"Article\",\"@id\":\"https:\\\/\\\/bergantin.do\\\/el-siuben-junto-al-proyecto-punta-bergantin-presentan-resultados-del-levantamiento-de-informacion-socioeconomica-en-villa-montellano-puerto-plata\\\/#article\",\"isPartOf\":{\"@id\":\"https:\\\/\\\/bergantin.do\\\/el-siuben-junto-al-proyecto-punta-bergantin-presentan-resultados-del-levantamiento-de-informacion-socioeconomica-en-villa-montellano-puerto-plata\\\/\"},\"author\":{\"name\":\"Angel Aquino\",\"@id\":\"https:\\\/\\\/bergantin.do\\\/#\\\/schema\\\/person\\\/6420f09485f4167d45c1ab5979a677a9\"},\"headline\":\"El SIUBEN junto al Proyecto Punta Bergant\u00edn, presentan resultados del levantamiento de informaci\u00f3n socioecon\u00f3mica en Villa Montellano, Puerto Plata.\",\"datePublished\":\"2025-04-21T15:16:22+00:00\",\"dateModified\":\"2026-01-28T17:41:42+00:00\",\"mainEntityOfPage\":{\"@id\":\"https:\\\/\\\/bergantin.do\\\/el-siuben-junto-al-proyecto-punta-bergantin-presentan-resultados-del-levantamiento-de-informacion-socioeconomica-en-villa-montellano-puerto-plata\\\/\"},\"wordCount\":434,\"image\":{\"@id\":\"https:\\\/\\\/bergantin.do\\\/el-siuben-junto-al-proyecto-punta-bergantin-presentan-resultados-del-levantamiento-de-informacion-socioeconomica-en-villa-montellano-puerto-plata\\\/#primaryimage\"},\"thumbnailUrl\":\"https:\\\/\\\/bergantin.do\\\/wp-content\\\/uploads\\\/2025\\\/04\\\/IMG_1779-scaled.jpg\",\"articleSection\":[\"Sin categor\u00eda\"],\"inLanguage\":\"en-US\"},{\"@type\":\"WebPage\",\"@id\":\"https:\\\/\\\/bergantin.do\\\/el-siuben-junto-al-proyecto-punta-bergantin-presentan-resultados-del-levantamiento-de-informacion-socioeconomica-en-villa-montellano-puerto-plata\\\/\",\"url\":\"https:\\\/\\\/bergantin.do\\\/el-siuben-junto-al-proyecto-punta-bergantin-presentan-resultados-del-levantamiento-de-informacion-socioeconomica-en-villa-montellano-puerto-plata\\\/\",\"name\":\"El SIUBEN junto al Proyecto Punta Bergant\u00edn, presentan resultados del levantamiento de informaci\u00f3n socioecon\u00f3mica en Villa Montellano, Puerto Plata. - Punta Bergant\u00edn\",\"isPartOf\":{\"@id\":\"https:\\\/\\\/bergantin.do\\\/#website\"},\"primaryImageOfPage\":{\"@id\":\"https:\\\/\\\/bergantin.do\\\/el-siuben-junto-al-proyecto-punta-bergantin-presentan-resultados-del-levantamiento-de-informacion-socioeconomica-en-villa-montellano-puerto-plata\\\/#primaryimage\"},\"image\":{\"@id\":\"https:\\\/\\\/bergantin.do\\\/el-siuben-junto-al-proyecto-punta-bergantin-presentan-resultados-del-levantamiento-de-informacion-socioeconomica-en-villa-montellano-puerto-plata\\\/#primaryimage\"},\"thumbnailUrl\":\"https:\\\/\\\/bergantin.do\\\/wp-content\\\/uploads\\\/2025\\\/04\\\/IMG_1779-scaled.jpg\",\"datePublished\":\"2025-04-21T15:16:22+00:00\",\"dateModified\":\"2026-01-28T17:41:42+00:00\",\"author\":{\"@id\":\"https:\\\/\\\/bergantin.do\\\/#\\\/schema\\\/person\\\/6420f09485f4167d45c1ab5979a677a9\"},\"breadcrumb\":{\"@id\":\"https:\\\/\\\/bergantin.do\\\/el-siuben-junto-al-proyecto-punta-bergantin-presentan-resultados-del-levantamiento-de-informacion-socioeconomica-en-villa-montellano-puerto-plata\\\/#breadcrumb\"},\"inLanguage\":\"en-US\",\"potentialAction\":[{\"@type\":\"ReadAction\",\"target\":[\"https:\\\/\\\/bergantin.do\\\/el-siuben-junto-al-proyecto-punta-bergantin-presentan-resultados-del-levantamiento-de-informacion-socioeconomica-en-villa-montellano-puerto-plata\\\/\"]}]},{\"@type\":\"ImageObject\",\"inLanguage\":\"en-US\",\"@id\":\"https:\\\/\\\/bergantin.do\\\/el-siuben-junto-al-proyecto-punta-bergantin-presentan-resultados-del-levantamiento-de-informacion-socioeconomica-en-villa-montellano-puerto-plata\\\/#primaryimage\",\"url\":\"https:\\\/\\\/bergantin.do\\\/wp-content\\\/uploads\\\/2025\\\/04\\\/IMG_1779-scaled.jpg\",\"contentUrl\":\"https:\\\/\\\/bergantin.do\\\/wp-content\\\/uploads\\\/2025\\\/04\\\/IMG_1779-scaled.jpg\",\"width\":2560,\"height\":1707},{\"@type\":\"BreadcrumbList\",\"@id\":\"https:\\\/\\\/bergantin.do\\\/el-siuben-junto-al-proyecto-punta-bergantin-presentan-resultados-del-levantamiento-de-informacion-socioeconomica-en-villa-montellano-puerto-plata\\\/#breadcrumb\",\"itemListElement\":[{\"@type\":\"ListItem\",\"position\":1,\"name\":\"Inicio\",\"item\":\"https:\\\/\\\/bergantin.do\\\/\"},{\"@type\":\"ListItem\",\"position\":2,\"name\":\"El SIUBEN junto al Proyecto Punta Bergant\u00edn, presentan resultados del levantamiento de informaci\u00f3n socioecon\u00f3mica en Villa Montellano, Puerto Plata.\"}]},{\"@type\":\"WebSite\",\"@id\":\"https:\\\/\\\/bergantin.do\\\/#website\",\"url\":\"https:\\\/\\\/bergantin.do\\\/\",\"name\":\"Punta Bergant\u00edn\",\"description\":\"Un destino tur\u00edstico de clase mundial en Puerto Plata, Rep\u00fablica Dominicana, que fusiona innovaci\u00f3n tecnolog\u00edca, cultura y sostenibilidad ambiental.\",\"potentialAction\":[{\"@type\":\"SearchAction\",\"target\":{\"@type\":\"EntryPoint\",\"urlTemplate\":\"https:\\\/\\\/bergantin.do\\\/?s={search_term_string}\"},\"query-input\":{\"@type\":\"PropertyValueSpecification\",\"valueRequired\":true,\"valueName\":\"search_term_string\"}}],\"inLanguage\":\"en-US\"},{\"@type\":\"Person\",\"@id\":\"https:\\\/\\\/bergantin.do\\\/#\\\/schema\\\/person\\\/6420f09485f4167d45c1ab5979a677a9\",\"name\":\"Angel Aquino\",\"image\":{\"@type\":\"ImageObject\",\"inLanguage\":\"en-US\",\"@id\":\"https:\\\/\\\/secure.gravatar.com\\\/avatar\\\/7d8c973f76cc44b5f654353894e7b98f8fa603262935e9e721ec5c16bc90e92d?s=96&d=mm&r=g\",\"url\":\"https:\\\/\\\/secure.gravatar.com\\\/avatar\\\/7d8c973f76cc44b5f654353894e7b98f8fa603262935e9e721ec5c16bc90e92d?s=96&d=mm&r=g\",\"contentUrl\":\"https:\\\/\\\/secure.gravatar.com\\\/avatar\\\/7d8c973f76cc44b5f654353894e7b98f8fa603262935e9e721ec5c16bc90e92d?s=96&d=mm&r=g\",\"caption\":\"Angel Aquino\"},\"url\":\"https:\\\/\\\/bergantin.do\\\/en\\\/author\\\/ajencydigital\\\/\"}]}<\/script>\n<!-- \/ Yoast SEO plugin. -->","yoast_head_json":{"title":"El SIUBEN junto al Proyecto Punta Bergant\u00edn, presentan resultados del levantamiento de informaci\u00f3n socioecon\u00f3mica en Villa Montellano, Puerto Plata. - Punta Bergant\u00edn","robots":{"index":"index","follow":"follow","max-snippet":"max-snippet:-1","max-image-preview":"max-image-preview:large","max-video-preview":"max-video-preview:-1"},"canonical":"https:\/\/bergantin.do\/en\/el-siuben-junto-al-proyecto-punta-bergantin-presentan-resultados-del-levantamiento-de-informacion-socioeconomica-en-villa-montellano-puerto-plata\/","og_locale":"en_US","og_type":"article","og_title":"El SIUBEN junto al Proyecto Punta Bergant\u00edn, presentan resultados del levantamiento de informaci\u00f3n socioecon\u00f3mica en Villa Montellano, Puerto Plata. - Punta Bergant\u00edn","og_description":"La informaci\u00f3n facilitar\u00e1 toma de decisiones, acceso a proyectos de desarrollo, y focalizaci\u00f3n a programas sociales. Villa Montellano, Puerto Plata. \u2013 El Sistema \u00danico de Beneficiarios, SIUBEN, entidad adscrita al Ministerio de Econom\u00eda, Planificaci\u00f3n y Desarrollo, present\u00f3 los resultados del levantamiento de informaci\u00f3n socioecon\u00f3mica de hogares realizado en el citado municipio durante los meses de [&hellip;]","og_url":"https:\/\/bergantin.do\/en\/el-siuben-junto-al-proyecto-punta-bergantin-presentan-resultados-del-levantamiento-de-informacion-socioeconomica-en-villa-montellano-puerto-plata\/","og_site_name":"Punta Bergant\u00edn","article_published_time":"2025-04-21T15:16:22+00:00","article_modified_time":"2026-01-28T17:41:42+00:00","og_image":[{"width":2560,"height":1707,"url":"https:\/\/bergantin.do\/wp-content\/uploads\/2025\/04\/IMG_1779-scaled.jpg","type":"image\/jpeg"}],"author":"Angel Aquino","twitter_card":"summary_large_image","twitter_misc":{"Written by":"Angel Aquino","Est. reading time":"2 minutes"},"schema":{"@context":"https:\/\/schema.org","@graph":[{"@type":"Article","@id":"https:\/\/bergantin.do\/el-siuben-junto-al-proyecto-punta-bergantin-presentan-resultados-del-levantamiento-de-informacion-socioeconomica-en-villa-montellano-puerto-plata\/#article","isPartOf":{"@id":"https:\/\/bergantin.do\/el-siuben-junto-al-proyecto-punta-bergantin-presentan-resultados-del-levantamiento-de-informacion-socioeconomica-en-villa-montellano-puerto-plata\/"},"author":{"name":"Angel Aquino","@id":"https:\/\/bergantin.do\/#\/schema\/person\/6420f09485f4167d45c1ab5979a677a9"},"headline":"El SIUBEN junto al Proyecto Punta Bergant\u00edn, presentan resultados del levantamiento de informaci\u00f3n socioecon\u00f3mica en Villa Montellano, Puerto Plata.","datePublished":"2025-04-21T15:16:22+00:00","dateModified":"2026-01-28T17:41:42+00:00","mainEntityOfPage":{"@id":"https:\/\/bergantin.do\/el-siuben-junto-al-proyecto-punta-bergantin-presentan-resultados-del-levantamiento-de-informacion-socioeconomica-en-villa-montellano-puerto-plata\/"},"wordCount":434,"image":{"@id":"https:\/\/bergantin.do\/el-siuben-junto-al-proyecto-punta-bergantin-presentan-resultados-del-levantamiento-de-informacion-socioeconomica-en-villa-montellano-puerto-plata\/#primaryimage"},"thumbnailUrl":"https:\/\/bergantin.do\/wp-content\/uploads\/2025\/04\/IMG_1779-scaled.jpg","articleSection":["Sin categor\u00eda"],"inLanguage":"en-US"},{"@type":"WebPage","@id":"https:\/\/bergantin.do\/el-siuben-junto-al-proyecto-punta-bergantin-presentan-resultados-del-levantamiento-de-informacion-socioeconomica-en-villa-montellano-puerto-plata\/","url":"https:\/\/bergantin.do\/el-siuben-junto-al-proyecto-punta-bergantin-presentan-resultados-del-levantamiento-de-informacion-socioeconomica-en-villa-montellano-puerto-plata\/","name":"El SIUBEN junto al Proyecto Punta Bergant\u00edn, presentan resultados del levantamiento de informaci\u00f3n socioecon\u00f3mica en Villa Montellano, Puerto Plata. - Punta Bergant\u00edn","isPartOf":{"@id":"https:\/\/bergantin.do\/#website"},"primaryImageOfPage":{"@id":"https:\/\/bergantin.do\/el-siuben-junto-al-proyecto-punta-bergantin-presentan-resultados-del-levantamiento-de-informacion-socioeconomica-en-villa-montellano-puerto-plata\/#primaryimage"},"image":{"@id":"https:\/\/bergantin.do\/el-siuben-junto-al-proyecto-punta-bergantin-presentan-resultados-del-levantamiento-de-informacion-socioeconomica-en-villa-montellano-puerto-plata\/#primaryimage"},"thumbnailUrl":"https:\/\/bergantin.do\/wp-content\/uploads\/2025\/04\/IMG_1779-scaled.jpg","datePublished":"2025-04-21T15:16:22+00:00","dateModified":"2026-01-28T17:41:42+00:00","author":{"@id":"https:\/\/bergantin.do\/#\/schema\/person\/6420f09485f4167d45c1ab5979a677a9"},"breadcrumb":{"@id":"https:\/\/bergantin.do\/el-siuben-junto-al-proyecto-punta-bergantin-presentan-resultados-del-levantamiento-de-informacion-socioeconomica-en-villa-montellano-puerto-plata\/#breadcrumb"},"inLanguage":"en-US","potentialAction":[{"@type":"ReadAction","target":["https:\/\/bergantin.do\/el-siuben-junto-al-proyecto-punta-bergantin-presentan-resultados-del-levantamiento-de-informacion-socioeconomica-en-villa-montellano-puerto-plata\/"]}]},{"@type":"ImageObject","inLanguage":"en-US","@id":"https:\/\/bergantin.do\/el-siuben-junto-al-proyecto-punta-bergantin-presentan-resultados-del-levantamiento-de-informacion-socioeconomica-en-villa-montellano-puerto-plata\/#primaryimage","url":"https:\/\/bergantin.do\/wp-content\/uploads\/2025\/04\/IMG_1779-scaled.jpg","contentUrl":"https:\/\/bergantin.do\/wp-content\/uploads\/2025\/04\/IMG_1779-scaled.jpg","width":2560,"height":1707},{"@type":"BreadcrumbList","@id":"https:\/\/bergantin.do\/el-siuben-junto-al-proyecto-punta-bergantin-presentan-resultados-del-levantamiento-de-informacion-socioeconomica-en-villa-montellano-puerto-plata\/#breadcrumb","itemListElement":[{"@type":"ListItem","position":1,"name":"Inicio","item":"https:\/\/bergantin.do\/"},{"@type":"ListItem","position":2,"name":"El SIUBEN junto al Proyecto Punta Bergant\u00edn, presentan resultados del levantamiento de informaci\u00f3n socioecon\u00f3mica en Villa Montellano, Puerto Plata."}]},{"@type":"WebSite","@id":"https:\/\/bergantin.do\/#website","url":"https:\/\/bergantin.do\/","name":"Punta Bergant\u00edn","description":"A world-class tourist destination in Puerto Plata, Dominican Republic, that fuses technological innovation, culture and environmental sustainability.","potentialAction":[{"@type":"SearchAction","target":{"@type":"EntryPoint","urlTemplate":"https:\/\/bergantin.do\/?s={search_term_string}"},"query-input":{"@type":"PropertyValueSpecification","valueRequired":true,"valueName":"search_term_string"}}],"inLanguage":"en-US"},{"@type":"Person","@id":"https:\/\/bergantin.do\/#\/schema\/person\/6420f09485f4167d45c1ab5979a677a9","name":"Angel Aquino","image":{"@type":"ImageObject","inLanguage":"en-US","@id":"https:\/\/secure.gravatar.com\/avatar\/7d8c973f76cc44b5f654353894e7b98f8fa603262935e9e721ec5c16bc90e92d?s=96&d=mm&r=g","url":"https:\/\/secure.gravatar.com\/avatar\/7d8c973f76cc44b5f654353894e7b98f8fa603262935e9e721ec5c16bc90e92d?s=96&d=mm&r=g","contentUrl":"https:\/\/secure.gravatar.com\/avatar\/7d8c973f76cc44b5f654353894e7b98f8fa603262935e9e721ec5c16bc90e92d?s=96&d=mm&r=g","caption":"Angel Aquino"},"url":"https:\/\/bergantin.do\/en\/author\/ajencydigital\/"}]}},"_links":{"self":[{"href":"https:\/\/bergantin.do\/en\/wp-json\/wp\/v2\/posts\/573","targetHints":{"allow":["GET"]}}],"collection":[{"href":"https:\/\/bergantin.do\/en\/wp-json\/wp\/v2\/posts"}],"about":[{"href":"https:\/\/bergantin.do\/en\/wp-json\/wp\/v2\/types\/post"}],"author":[{"embeddable":true,"href":"https:\/\/bergantin.do\/en\/wp-json\/wp\/v2\/users\/3"}],"replies":[{"embeddable":true,"href":"https:\/\/bergantin.do\/en\/wp-json\/wp\/v2\/comments?post=573"}],"version-history":[{"count":1,"href":"https:\/\/bergantin.do\/en\/wp-json\/wp\/v2\/posts\/573\/revisions"}],"predecessor-version":[{"id":575,"href":"https:\/\/bergantin.do\/en\/wp-json\/wp\/v2\/posts\/573\/revisions\/575"}],"wp:featuredmedia":[{"embeddable":true,"href":"https:\/\/bergantin.do\/en\/wp-json\/wp\/v2\/media\/576"}],"wp:attachment":[{"href":"https:\/\/bergantin.do\/en\/wp-json\/wp\/v2\/media?parent=573"}],"wp:term":[{"taxonomy":"category","embeddable":true,"href":"https:\/\/bergantin.do\/en\/wp-json\/wp\/v2\/categories?post=573"},{"taxonomy":"post_tag","embeddable":true,"href":"https:\/\/bergantin.do\/en\/wp-json\/wp\/v2\/tags?post=573"}],"curies":[{"name":"wp","href":"https:\/\/api.w.org\/{rel}","templated":true}]}}