{"id":419,"date":"2024-07-01T19:50:28","date_gmt":"2024-07-01T19:50:28","guid":{"rendered":"https:\/\/bergantinoldest.local\/?p=419"},"modified":"2026-01-28T17:41:53","modified_gmt":"2026-01-28T17:41:53","slug":"proyecto-punta-bergantin-disparara-llegada-de-vuelos-a-puerto-plata","status":"publish","type":"post","link":"https:\/\/bergantin.do\/en\/proyecto-punta-bergantin-disparara-llegada-de-vuelos-a-puerto-plata\/","title":{"rendered":"Punta Bergant\u00edn project will boost the arrival of flights to Puerto Plata"},"content":{"rendered":"<strong>Puerto Plata. <\/strong>&#8211; El director ejecutivo del\u00a0Plan Master de Punta Bergant\u00edn,\u00a0Andr\u00e9s Marranzini, dijo que la estrategia del plan es incorporar un nuevo destino hotelero y tur\u00edstico en\u00a0Puerto Plata, el cual incluir\u00e1 cuatro mil habitaciones hoteleras con el desarrollo de importantes cadenas internacionales, m\u00e1s de mil quinientas unidades tur\u00edsticas residenciales.\r\n\r\nResalt\u00f3 que conjuntamente con la incorporaci\u00f3n de habitaciones hoteleras se ha trabajado una estrategia de creaci\u00f3n de un fondo para lograr adicionar ocho vuelos semanales al Aeropuerto Gregorio Luper\u00f3n a la vez que se inauguren las habitaciones hoteleras de la primera etapa, que ser\u00edan 2,100 habitaciones.\r\n\r\nMarranzini dijo que adem\u00e1s del desarrollo tur\u00edstico e inmobiliario, pretende impulsar un campus acad\u00e9mico destinado a fomentar la educaci\u00f3n y la innovaci\u00f3n en el pa\u00eds, un estudio de cine, y contribuir\u00e1 con la creaci\u00f3n de miles de empleos, mucho m\u00e1s.\r\n\r\nAdem\u00e1s, incluye dos mil quinientas unidades de uso mixto, un club y campo de golf, club de playa p\u00fablico y privado, la creaci\u00f3n de un pueblo tem\u00e1tico \u00fanico en la regi\u00f3n.\r\n\r\nSe recuerda que la propiedad cuenta con casi diez millones de metros cuadrados, m\u00e1s de seis kil\u00f3metros de playa lineales, entre otros atractivos a desarrollar en Punta Bergant\u00edn, seg\u00fan El Caribe.\r\n\r\n\r\n\r\n<style>\/*! elementor - v3.21.0 - 26-05-2024 *\/<br \/>\r\n.elementor-widget-divider{--divider-border-style:none;--divider-border-width:1px;--divider-color:#0c0d0e;--divider-icon-size:20px;--divider-element-spacing:10px;--divider-pattern-height:24px;--divider-pattern-size:20px;--divider-pattern-url:none;--divider-pattern-repeat:repeat-x}.elementor-widget-divider .elementor-divider{display:flex}.elementor-widget-divider .elementor-divider__text{font-size:15px;line-height:1;max-width:95%}.elementor-widget-divider .elementor-divider__element{margin:0 var(--divider-element-spacing);flex-shrink:0}.elementor-widget-divider .elementor-icon{font-size:var(--divider-icon-size)}.elementor-widget-divider .elementor-divider-separator{display:flex;margin:0;direction:ltr}.elementor-widget-divider--view-line_icon .elementor-divider-separator,.elementor-widget-divider--view-line_text .elementor-divider-separator{align-items:center}.elementor-widget-divider--view-line_icon .elementor-divider-separator:after,.elementor-widget-divider--view-line_icon .elementor-divider-separator:before,.elementor-widget-divider--view-line_text .elementor-divider-separator:after,.elementor-widget-divider--view-line_text .elementor-divider-separator:before{display:block;content:\"\";border-block-end:0;flex-grow:1;border-block-start:var(--divider-border-width) var(--divider-border-style) var(--divider-color)}.elementor-widget-divider--element-align-left .elementor-divider .elementor-divider-separator>.elementor-divider__svg:first-of-type{flex-grow:0;flex-shrink:100}.elementor-widget-divider--element-align-left .elementor-divider-separator:before{content:none}.elementor-widget-divider--element-align-left .elementor-divider__element{margin-left:0}.elementor-widget-divider--element-align-right .elementor-divider .elementor-divider-separator>.elementor-divider__svg:last-of-type{flex-grow:0;flex-shrink:100}.elementor-widget-divider--element-align-right .elementor-divider-separator:after{content:none}.elementor-widget-divider--element-align-right .elementor-divider__element{margin-right:0}.elementor-widget-divider--element-align-start .elementor-divider .elementor-divider-separator>.elementor-divider__svg:first-of-type{flex-grow:0;flex-shrink:100}.elementor-widget-divider--element-align-start .elementor-divider-separator:before{content:none}.elementor-widget-divider--element-align-start .elementor-divider__element{margin-inline-start:0}.elementor-widget-divider--element-align-end .elementor-divider .elementor-divider-separator>.elementor-divider__svg:last-of-type{flex-grow:0;flex-shrink:100}.elementor-widget-divider--element-align-end .elementor-divider-separator:after{content:none}.elementor-widget-divider--element-align-end .elementor-divider__element{margin-inline-end:0}.elementor-widget-divider:not(.elementor-widget-divider--view-line_text):not(.elementor-widget-divider--view-line_icon) .elementor-divider-separator{border-block-start:var(--divider-border-width) var(--divider-border-style) var(--divider-color)}.elementor-widget-divider--separator-type-pattern{--divider-border-style:none}.elementor-widget-divider--separator-type-pattern.elementor-widget-divider--view-line .elementor-divider-separator,.elementor-widget-divider--separator-type-pattern:not(.elementor-widget-divider--view-line) .elementor-divider-separator:after,.elementor-widget-divider--separator-type-pattern:not(.elementor-widget-divider--view-line) .elementor-divider-separator:before,.elementor-widget-divider--separator-type-pattern:not([class*=elementor-widget-divider--view]) .elementor-divider-separator{width:100%;min-height:var(--divider-pattern-height);-webkit-mask-size:var(--divider-pattern-size) 100%;mask-size:var(--divider-pattern-size) 100%;-webkit-mask-repeat:var(--divider-pattern-repeat);mask-repeat:var(--divider-pattern-repeat);background-color:var(--divider-color);-webkit-mask-image:var(--divider-pattern-url);mask-image:var(--divider-pattern-url)}.elementor-widget-divider--no-spacing{--divider-pattern-size:auto}.elementor-widget-divider--bg-round{--divider-pattern-repeat:round}.rtl .elementor-widget-divider .elementor-divider__text{direction:rtl}.e-con-inner>.elementor-widget-divider,.e-con>.elementor-widget-divider{width:var(--container-widget-width,100%);--flex-grow:var(--container-widget-flex-grow)}<\/style><!-- \/wp:post-content -->","protected":false},"excerpt":{"rendered":"<p>Puerto Plata. &#8211; El director ejecutivo del\u00a0Plan Master de Punta Bergant\u00edn,\u00a0Andr\u00e9s Marranzini, dijo que la estrategia del plan es incorporar un nuevo destino hotelero y tur\u00edstico en\u00a0Puerto Plata, el cual incluir\u00e1 cuatro mil habitaciones hoteleras con el desarrollo de importantes cadenas internacionales, m\u00e1s de mil quinientas unidades tur\u00edsticas residenciales. Resalt\u00f3 que conjuntamente con la incorporaci\u00f3n [&hellip;]<\/p>\n","protected":false},"author":3,"featured_media":477,"comment_status":"closed","ping_status":"closed","sticky":false,"template":"","format":"standard","meta":{"inline_featured_image":false,"footnotes":""},"categories":[3],"tags":[],"class_list":["post-419","post","type-post","status-publish","format-standard","has-post-thumbnail","hentry","category-noticia"],"yoast_head":"<!-- This site is optimized with the Yoast SEO plugin v27.5 - https:\/\/yoast.com\/product\/yoast-seo-wordpress\/ -->\n<title>Proyecto Punta Bergant\u00edn disparar\u00e1 llegada de vuelos a Puerto Plata - Punta Bergant\u00edn<\/title>\n<meta name=\"robots\" content=\"index, follow, max-snippet:-1, max-image-preview:large, max-video-preview:-1\" \/>\n<link rel=\"canonical\" href=\"https:\/\/bergantin.do\/en\/proyecto-punta-bergantin-disparara-llegada-de-vuelos-a-puerto-plata\/\" \/>\n<meta property=\"og:locale\" content=\"en_US\" \/>\n<meta property=\"og:type\" content=\"article\" \/>\n<meta property=\"og:title\" content=\"Proyecto Punta Bergant\u00edn disparar\u00e1 llegada de vuelos a Puerto Plata - Punta Bergant\u00edn\" \/>\n<meta property=\"og:description\" content=\"Puerto Plata. &#8211; El director ejecutivo del\u00a0Plan Master de Punta Bergant\u00edn,\u00a0Andr\u00e9s Marranzini, dijo que la estrategia del plan es incorporar un nuevo destino hotelero y tur\u00edstico en\u00a0Puerto Plata, el cual incluir\u00e1 cuatro mil habitaciones hoteleras con el desarrollo de importantes cadenas internacionales, m\u00e1s de mil quinientas unidades tur\u00edsticas residenciales. Resalt\u00f3 que conjuntamente con la incorporaci\u00f3n [&hellip;]\" \/>\n<meta property=\"og:url\" content=\"https:\/\/bergantin.do\/en\/proyecto-punta-bergantin-disparara-llegada-de-vuelos-a-puerto-plata\/\" \/>\n<meta property=\"og:site_name\" content=\"Punta Bergant\u00edn\" \/>\n<meta property=\"article:published_time\" content=\"2024-07-01T19:50:28+00:00\" \/>\n<meta property=\"article:modified_time\" content=\"2026-01-28T17:41:53+00:00\" \/>\n<meta property=\"og:image\" content=\"https:\/\/bergantin.do\/wp-content\/uploads\/2024\/01\/DSC06653-scaled.jpg\" \/>\n\t<meta property=\"og:image:width\" content=\"2560\" \/>\n\t<meta property=\"og:image:height\" content=\"1707\" \/>\n\t<meta property=\"og:image:type\" content=\"image\/jpeg\" \/>\n<meta name=\"author\" content=\"Angel Aquino\" \/>\n<meta name=\"twitter:card\" content=\"summary_large_image\" \/>\n<meta name=\"twitter:label1\" content=\"Written by\" \/>\n\t<meta name=\"twitter:data1\" content=\"Angel Aquino\" \/>\n\t<meta name=\"twitter:label2\" content=\"Est. reading time\" \/>\n\t<meta name=\"twitter:data2\" content=\"1 minute\" \/>\n<script type=\"application\/ld+json\" class=\"yoast-schema-graph\">{\"@context\":\"https:\\\/\\\/schema.org\",\"@graph\":[{\"@type\":\"Article\",\"@id\":\"https:\\\/\\\/bergantin.do\\\/proyecto-punta-bergantin-disparara-llegada-de-vuelos-a-puerto-plata\\\/#article\",\"isPartOf\":{\"@id\":\"https:\\\/\\\/bergantin.do\\\/proyecto-punta-bergantin-disparara-llegada-de-vuelos-a-puerto-plata\\\/\"},\"author\":{\"name\":\"Angel Aquino\",\"@id\":\"https:\\\/\\\/bergantin.do\\\/#\\\/schema\\\/person\\\/6420f09485f4167d45c1ab5979a677a9\"},\"headline\":\"Proyecto Punta Bergant\u00edn disparar\u00e1 llegada de vuelos a Puerto Plata\",\"datePublished\":\"2024-07-01T19:50:28+00:00\",\"dateModified\":\"2026-01-28T17:41:53+00:00\",\"mainEntityOfPage\":{\"@id\":\"https:\\\/\\\/bergantin.do\\\/proyecto-punta-bergantin-disparara-llegada-de-vuelos-a-puerto-plata\\\/\"},\"wordCount\":236,\"image\":{\"@id\":\"https:\\\/\\\/bergantin.do\\\/proyecto-punta-bergantin-disparara-llegada-de-vuelos-a-puerto-plata\\\/#primaryimage\"},\"thumbnailUrl\":\"https:\\\/\\\/bergantin.do\\\/wp-content\\\/uploads\\\/2024\\\/01\\\/DSC06653-scaled.jpg\",\"articleSection\":[\"Noticia\"],\"inLanguage\":\"en-US\"},{\"@type\":\"WebPage\",\"@id\":\"https:\\\/\\\/bergantin.do\\\/proyecto-punta-bergantin-disparara-llegada-de-vuelos-a-puerto-plata\\\/\",\"url\":\"https:\\\/\\\/bergantin.do\\\/proyecto-punta-bergantin-disparara-llegada-de-vuelos-a-puerto-plata\\\/\",\"name\":\"Proyecto Punta Bergant\u00edn disparar\u00e1 llegada de vuelos a Puerto Plata - Punta Bergant\u00edn\",\"isPartOf\":{\"@id\":\"https:\\\/\\\/bergantin.do\\\/#website\"},\"primaryImageOfPage\":{\"@id\":\"https:\\\/\\\/bergantin.do\\\/proyecto-punta-bergantin-disparara-llegada-de-vuelos-a-puerto-plata\\\/#primaryimage\"},\"image\":{\"@id\":\"https:\\\/\\\/bergantin.do\\\/proyecto-punta-bergantin-disparara-llegada-de-vuelos-a-puerto-plata\\\/#primaryimage\"},\"thumbnailUrl\":\"https:\\\/\\\/bergantin.do\\\/wp-content\\\/uploads\\\/2024\\\/01\\\/DSC06653-scaled.jpg\",\"datePublished\":\"2024-07-01T19:50:28+00:00\",\"dateModified\":\"2026-01-28T17:41:53+00:00\",\"author\":{\"@id\":\"https:\\\/\\\/bergantin.do\\\/#\\\/schema\\\/person\\\/6420f09485f4167d45c1ab5979a677a9\"},\"breadcrumb\":{\"@id\":\"https:\\\/\\\/bergantin.do\\\/proyecto-punta-bergantin-disparara-llegada-de-vuelos-a-puerto-plata\\\/#breadcrumb\"},\"inLanguage\":\"en-US\",\"potentialAction\":[{\"@type\":\"ReadAction\",\"target\":[\"https:\\\/\\\/bergantin.do\\\/proyecto-punta-bergantin-disparara-llegada-de-vuelos-a-puerto-plata\\\/\"]}]},{\"@type\":\"ImageObject\",\"inLanguage\":\"en-US\",\"@id\":\"https:\\\/\\\/bergantin.do\\\/proyecto-punta-bergantin-disparara-llegada-de-vuelos-a-puerto-plata\\\/#primaryimage\",\"url\":\"https:\\\/\\\/bergantin.do\\\/wp-content\\\/uploads\\\/2024\\\/01\\\/DSC06653-scaled.jpg\",\"contentUrl\":\"https:\\\/\\\/bergantin.do\\\/wp-content\\\/uploads\\\/2024\\\/01\\\/DSC06653-scaled.jpg\",\"width\":2560,\"height\":1707},{\"@type\":\"BreadcrumbList\",\"@id\":\"https:\\\/\\\/bergantin.do\\\/proyecto-punta-bergantin-disparara-llegada-de-vuelos-a-puerto-plata\\\/#breadcrumb\",\"itemListElement\":[{\"@type\":\"ListItem\",\"position\":1,\"name\":\"Inicio\",\"item\":\"https:\\\/\\\/bergantin.do\\\/\"},{\"@type\":\"ListItem\",\"position\":2,\"name\":\"Proyecto Punta Bergant\u00edn disparar\u00e1 llegada de vuelos a Puerto Plata\"}]},{\"@type\":\"WebSite\",\"@id\":\"https:\\\/\\\/bergantin.do\\\/#website\",\"url\":\"https:\\\/\\\/bergantin.do\\\/\",\"name\":\"Punta Bergant\u00edn\",\"description\":\"Un destino tur\u00edstico de clase mundial en Puerto Plata, Rep\u00fablica Dominicana, que fusiona innovaci\u00f3n tecnolog\u00edca, cultura y sostenibilidad ambiental.\",\"potentialAction\":[{\"@type\":\"SearchAction\",\"target\":{\"@type\":\"EntryPoint\",\"urlTemplate\":\"https:\\\/\\\/bergantin.do\\\/?s={search_term_string}\"},\"query-input\":{\"@type\":\"PropertyValueSpecification\",\"valueRequired\":true,\"valueName\":\"search_term_string\"}}],\"inLanguage\":\"en-US\"},{\"@type\":\"Person\",\"@id\":\"https:\\\/\\\/bergantin.do\\\/#\\\/schema\\\/person\\\/6420f09485f4167d45c1ab5979a677a9\",\"name\":\"Angel Aquino\",\"image\":{\"@type\":\"ImageObject\",\"inLanguage\":\"en-US\",\"@id\":\"https:\\\/\\\/secure.gravatar.com\\\/avatar\\\/7d8c973f76cc44b5f654353894e7b98f8fa603262935e9e721ec5c16bc90e92d?s=96&d=mm&r=g\",\"url\":\"https:\\\/\\\/secure.gravatar.com\\\/avatar\\\/7d8c973f76cc44b5f654353894e7b98f8fa603262935e9e721ec5c16bc90e92d?s=96&d=mm&r=g\",\"contentUrl\":\"https:\\\/\\\/secure.gravatar.com\\\/avatar\\\/7d8c973f76cc44b5f654353894e7b98f8fa603262935e9e721ec5c16bc90e92d?s=96&d=mm&r=g\",\"caption\":\"Angel Aquino\"},\"url\":\"https:\\\/\\\/bergantin.do\\\/en\\\/author\\\/ajencydigital\\\/\"}]}<\/script>\n<!-- \/ Yoast SEO plugin. -->","yoast_head_json":{"title":"Proyecto Punta Bergant\u00edn disparar\u00e1 llegada de vuelos a Puerto Plata - Punta Bergant\u00edn","robots":{"index":"index","follow":"follow","max-snippet":"max-snippet:-1","max-image-preview":"max-image-preview:large","max-video-preview":"max-video-preview:-1"},"canonical":"https:\/\/bergantin.do\/en\/proyecto-punta-bergantin-disparara-llegada-de-vuelos-a-puerto-plata\/","og_locale":"en_US","og_type":"article","og_title":"Proyecto Punta Bergant\u00edn disparar\u00e1 llegada de vuelos a Puerto Plata - Punta Bergant\u00edn","og_description":"Puerto Plata. &#8211; El director ejecutivo del\u00a0Plan Master de Punta Bergant\u00edn,\u00a0Andr\u00e9s Marranzini, dijo que la estrategia del plan es incorporar un nuevo destino hotelero y tur\u00edstico en\u00a0Puerto Plata, el cual incluir\u00e1 cuatro mil habitaciones hoteleras con el desarrollo de importantes cadenas internacionales, m\u00e1s de mil quinientas unidades tur\u00edsticas residenciales. Resalt\u00f3 que conjuntamente con la incorporaci\u00f3n [&hellip;]","og_url":"https:\/\/bergantin.do\/en\/proyecto-punta-bergantin-disparara-llegada-de-vuelos-a-puerto-plata\/","og_site_name":"Punta Bergant\u00edn","article_published_time":"2024-07-01T19:50:28+00:00","article_modified_time":"2026-01-28T17:41:53+00:00","og_image":[{"width":2560,"height":1707,"url":"https:\/\/bergantin.do\/wp-content\/uploads\/2024\/01\/DSC06653-scaled.jpg","type":"image\/jpeg"}],"author":"Angel Aquino","twitter_card":"summary_large_image","twitter_misc":{"Written by":"Angel Aquino","Est. reading time":"1 minute"},"schema":{"@context":"https:\/\/schema.org","@graph":[{"@type":"Article","@id":"https:\/\/bergantin.do\/proyecto-punta-bergantin-disparara-llegada-de-vuelos-a-puerto-plata\/#article","isPartOf":{"@id":"https:\/\/bergantin.do\/proyecto-punta-bergantin-disparara-llegada-de-vuelos-a-puerto-plata\/"},"author":{"name":"Angel Aquino","@id":"https:\/\/bergantin.do\/#\/schema\/person\/6420f09485f4167d45c1ab5979a677a9"},"headline":"Proyecto Punta Bergant\u00edn disparar\u00e1 llegada de vuelos a Puerto Plata","datePublished":"2024-07-01T19:50:28+00:00","dateModified":"2026-01-28T17:41:53+00:00","mainEntityOfPage":{"@id":"https:\/\/bergantin.do\/proyecto-punta-bergantin-disparara-llegada-de-vuelos-a-puerto-plata\/"},"wordCount":236,"image":{"@id":"https:\/\/bergantin.do\/proyecto-punta-bergantin-disparara-llegada-de-vuelos-a-puerto-plata\/#primaryimage"},"thumbnailUrl":"https:\/\/bergantin.do\/wp-content\/uploads\/2024\/01\/DSC06653-scaled.jpg","articleSection":["Noticia"],"inLanguage":"en-US"},{"@type":"WebPage","@id":"https:\/\/bergantin.do\/proyecto-punta-bergantin-disparara-llegada-de-vuelos-a-puerto-plata\/","url":"https:\/\/bergantin.do\/proyecto-punta-bergantin-disparara-llegada-de-vuelos-a-puerto-plata\/","name":"Proyecto Punta Bergant\u00edn disparar\u00e1 llegada de vuelos a Puerto Plata - Punta Bergant\u00edn","isPartOf":{"@id":"https:\/\/bergantin.do\/#website"},"primaryImageOfPage":{"@id":"https:\/\/bergantin.do\/proyecto-punta-bergantin-disparara-llegada-de-vuelos-a-puerto-plata\/#primaryimage"},"image":{"@id":"https:\/\/bergantin.do\/proyecto-punta-bergantin-disparara-llegada-de-vuelos-a-puerto-plata\/#primaryimage"},"thumbnailUrl":"https:\/\/bergantin.do\/wp-content\/uploads\/2024\/01\/DSC06653-scaled.jpg","datePublished":"2024-07-01T19:50:28+00:00","dateModified":"2026-01-28T17:41:53+00:00","author":{"@id":"https:\/\/bergantin.do\/#\/schema\/person\/6420f09485f4167d45c1ab5979a677a9"},"breadcrumb":{"@id":"https:\/\/bergantin.do\/proyecto-punta-bergantin-disparara-llegada-de-vuelos-a-puerto-plata\/#breadcrumb"},"inLanguage":"en-US","potentialAction":[{"@type":"ReadAction","target":["https:\/\/bergantin.do\/proyecto-punta-bergantin-disparara-llegada-de-vuelos-a-puerto-plata\/"]}]},{"@type":"ImageObject","inLanguage":"en-US","@id":"https:\/\/bergantin.do\/proyecto-punta-bergantin-disparara-llegada-de-vuelos-a-puerto-plata\/#primaryimage","url":"https:\/\/bergantin.do\/wp-content\/uploads\/2024\/01\/DSC06653-scaled.jpg","contentUrl":"https:\/\/bergantin.do\/wp-content\/uploads\/2024\/01\/DSC06653-scaled.jpg","width":2560,"height":1707},{"@type":"BreadcrumbList","@id":"https:\/\/bergantin.do\/proyecto-punta-bergantin-disparara-llegada-de-vuelos-a-puerto-plata\/#breadcrumb","itemListElement":[{"@type":"ListItem","position":1,"name":"Inicio","item":"https:\/\/bergantin.do\/"},{"@type":"ListItem","position":2,"name":"Proyecto Punta Bergant\u00edn disparar\u00e1 llegada de vuelos a Puerto Plata"}]},{"@type":"WebSite","@id":"https:\/\/bergantin.do\/#website","url":"https:\/\/bergantin.do\/","name":"Punta Bergant\u00edn","description":"A world-class tourist destination in Puerto Plata, Dominican Republic, that fuses technological innovation, culture and environmental sustainability.","potentialAction":[{"@type":"SearchAction","target":{"@type":"EntryPoint","urlTemplate":"https:\/\/bergantin.do\/?s={search_term_string}"},"query-input":{"@type":"PropertyValueSpecification","valueRequired":true,"valueName":"search_term_string"}}],"inLanguage":"en-US"},{"@type":"Person","@id":"https:\/\/bergantin.do\/#\/schema\/person\/6420f09485f4167d45c1ab5979a677a9","name":"Angel Aquino","image":{"@type":"ImageObject","inLanguage":"en-US","@id":"https:\/\/secure.gravatar.com\/avatar\/7d8c973f76cc44b5f654353894e7b98f8fa603262935e9e721ec5c16bc90e92d?s=96&d=mm&r=g","url":"https:\/\/secure.gravatar.com\/avatar\/7d8c973f76cc44b5f654353894e7b98f8fa603262935e9e721ec5c16bc90e92d?s=96&d=mm&r=g","contentUrl":"https:\/\/secure.gravatar.com\/avatar\/7d8c973f76cc44b5f654353894e7b98f8fa603262935e9e721ec5c16bc90e92d?s=96&d=mm&r=g","caption":"Angel Aquino"},"url":"https:\/\/bergantin.do\/en\/author\/ajencydigital\/"}]}},"_links":{"self":[{"href":"https:\/\/bergantin.do\/en\/wp-json\/wp\/v2\/posts\/419","targetHints":{"allow":["GET"]}}],"collection":[{"href":"https:\/\/bergantin.do\/en\/wp-json\/wp\/v2\/posts"}],"about":[{"href":"https:\/\/bergantin.do\/en\/wp-json\/wp\/v2\/types\/post"}],"author":[{"embeddable":true,"href":"https:\/\/bergantin.do\/en\/wp-json\/wp\/v2\/users\/3"}],"replies":[{"embeddable":true,"href":"https:\/\/bergantin.do\/en\/wp-json\/wp\/v2\/comments?post=419"}],"version-history":[{"count":1,"href":"https:\/\/bergantin.do\/en\/wp-json\/wp\/v2\/posts\/419\/revisions"}],"predecessor-version":[{"id":497,"href":"https:\/\/bergantin.do\/en\/wp-json\/wp\/v2\/posts\/419\/revisions\/497"}],"wp:featuredmedia":[{"embeddable":true,"href":"https:\/\/bergantin.do\/en\/wp-json\/wp\/v2\/media\/477"}],"wp:attachment":[{"href":"https:\/\/bergantin.do\/en\/wp-json\/wp\/v2\/media?parent=419"}],"wp:term":[{"taxonomy":"category","embeddable":true,"href":"https:\/\/bergantin.do\/en\/wp-json\/wp\/v2\/categories?post=419"},{"taxonomy":"post_tag","embeddable":true,"href":"https:\/\/bergantin.do\/en\/wp-json\/wp\/v2\/tags?post=419"}],"curies":[{"name":"wp","href":"https:\/\/api.w.org\/{rel}","templated":true}]}}